{"id":55894,"date":"2023-06-27T16:53:36","date_gmt":"2023-06-27T20:53:36","guid":{"rendered":"https:\/\/mortystv.com\/blog\/?p=55894"},"modified":"2023-06-27T16:53:36","modified_gmt":"2023-06-27T20:53:36","slug":"official-apple-tv-trailer-for-stephen-curry-underrated-video","status":"publish","type":"post","link":"https:\/\/mortystv.com\/blog\/2023\/06\/27\/official-apple-tv-trailer-for-stephen-curry-underrated-video\/","title":{"rendered":"Official Apple TV+ Trailer for &#8220;Stephen Curry: Underrated&#8221; [VIDEO]"},"content":{"rendered":"<p>The remarkable coming-of-age story of one of the most influential, dynamic, and unexpected players in the history of basketball: Stephen Curry. This feature documentary &#8211; blending intimate cin\u00e9ma v\u00e9rit\u00e9, archival footage, and on-camera interviews &#8211; documents Curry&#8217;s rise from an undersized college player at a small town Division I college to a four-time NBA champion, building one of the most dominant sports dynasties in the world.<\/p>\n<p><span class=\"embed-youtube\" style=\"text-align:center; display: block;\"><iframe class=\"youtube-player\" width=\"640\" height=\"360\" src=\"https:\/\/www.youtube.com\/embed\/csMgsPbzs5o?version=3&#038;rel=1&#038;showsearch=0&#038;showinfo=1&#038;iv_load_policy=1&#038;fs=1&#038;hl=en-US&#038;autohide=2&#038;wmode=transparent\" allowfullscreen=\"true\" style=\"border:0;\" sandbox=\"allow-scripts allow-same-origin allow-popups allow-presentation allow-popups-to-escape-sandbox\"><\/iframe><\/span><\/p>\n<p>&nbsp;<\/p>\n<p>&nbsp;<\/p>\n","protected":false},"excerpt":{"rendered":"<p>The remarkable coming-of-age story of one of the most influential, dynamic, and unexpected players in the history of basketball: Stephen Curry. This feature documentary &#8211; blending intimate cin\u00e9ma v\u00e9rit\u00e9, archival footage, and on-camera interviews &#8211; documents Curry&#8217;s rise from an undersized college player at a small town Division I college to a four-time NBA champion, [&hellip;]<\/p>\n","protected":false},"author":1,"featured_media":55895,"comment_status":"open","ping_status":"open","sticky":false,"template":"","format":"standard","meta":{"_acf_changed":false,"jetpack_post_was_ever_published":false,"jnews-multi-image_gallery":[],"jnews_single_post":{"source_name":"","source_url":"","via_name":"","via_url":"","override_template":"0","override":[{"template":"1","single_blog_custom":"","parallax":"1","fullscreen":"1","layout":"right-sidebar","sidebar":"default-sidebar","second_sidebar":"default-sidebar","sticky_sidebar":"1","share_position":"top","share_float_style":"share-monocrhome","show_share_counter":"1","show_view_counter":"0","show_featured":"1","show_post_meta":"1","show_post_author":"1","show_post_author_image":"0","show_post_date":"1","post_date_format":"default","post_date_format_custom":"Y\/m\/d","show_post_category":"1","show_post_reading_time":"0","post_reading_time_wpm":"300","show_zoom_button":"0","zoom_button_out_step":"2","zoom_button_in_step":"3","show_post_tag":"0","show_prev_next_post":"1","show_popup_post":"1","number_popup_post":"1","show_author_box":"0","show_post_related":"1","show_inline_post_related":"0"}],"override_image_size":"0","image_override":[{"single_post_thumbnail_size":"crop-500","single_post_gallery_size":"crop-500"}],"trending_post":"0","trending_post_position":"meta","trending_post_label":"Trending","sponsored_post":"0","sponsored_post_label":"Sponsored by","sponsored_post_name":"","sponsored_post_url":"","sponsored_post_logo_enable":"0","sponsored_post_logo":"","sponsored_post_desc":"","disable_ad":"0"},"jnews_primary_category":{"id":"","hide":""},"footnotes":"","jetpack_publicize_message":"","jetpack_publicize_feature_enabled":true,"jetpack_social_post_already_shared":true,"jetpack_social_options":{"image_generator_settings":{"template":"highway","default_image_id":0,"font":"","enabled":false},"version":2},"_wpas_customize_per_network":false},"categories":[1],"tags":[241,60,323,3126],"class_list":["post-55894","post","type-post","status-publish","format-standard","has-post-thumbnail","hentry","category-tv_news","tag-basketball","tag-biography","tag-nba","tag-stephen-curry"],"acf":[],"yoast_head":"<!-- This site is optimized with the Yoast SEO Premium plugin v27.1 (Yoast SEO v27.1.1) - https:\/\/yoast.com\/product\/yoast-seo-premium-wordpress\/ -->\n<title>Official Apple TV+ Trailer for &quot;Stephen Curry: Underrated&quot; [VIDEO] - Morty&#039;s TV<\/title>\n<meta name=\"robots\" content=\"index, follow, max-snippet:-1, max-image-preview:large, max-video-preview:-1\" \/>\n<link rel=\"canonical\" href=\"https:\/\/mortystv.com\/blog\/2023\/06\/27\/official-apple-tv-trailer-for-stephen-curry-underrated-video\/\" \/>\n<meta property=\"og:locale\" content=\"en_US\" \/>\n<meta property=\"og:type\" content=\"article\" \/>\n<meta property=\"og:title\" content=\"Official Apple TV+ Trailer for &quot;Stephen Curry: Underrated&quot; [VIDEO]\" \/>\n<meta property=\"og:description\" content=\"The remarkable coming-of-age story of one of the most influential, dynamic, and unexpected players in the history of basketball: Stephen Curry. This feature documentary &#8211; blending intimate cin\u00e9ma v\u00e9rit\u00e9, archival footage, and on-camera interviews &#8211; documents Curry&#8217;s rise from an undersized college player at a small town Division I college to a four-time NBA champion, [&hellip;]\" \/>\n<meta property=\"og:url\" content=\"https:\/\/mortystv.com\/blog\/2023\/06\/27\/official-apple-tv-trailer-for-stephen-curry-underrated-video\/\" \/>\n<meta property=\"og:site_name\" content=\"Morty&#039;s TV\" \/>\n<meta property=\"article:publisher\" content=\"https:\/\/www.facebook.com\/mortystv\" \/>\n<meta property=\"article:author\" content=\"https:\/\/www.facebook.com\/mortystv\" \/>\n<meta property=\"article:published_time\" content=\"2023-06-27T20:53:36+00:00\" \/>\n<meta property=\"og:image\" content=\"https:\/\/mortystv.com\/blog\/wp-content\/uploads\/2023\/06\/Stephen-Curry.webp\" \/>\n\t<meta property=\"og:image:width\" content=\"666\" \/>\n\t<meta property=\"og:image:height\" content=\"375\" \/>\n\t<meta property=\"og:image:type\" content=\"image\/webp\" \/>\n<meta name=\"author\" content=\"morty\" \/>\n<meta name=\"twitter:card\" content=\"summary_large_image\" \/>\n<meta name=\"twitter:creator\" content=\"@http:\/\/twitter.com\/#!\/mortystv\" \/>\n<meta name=\"twitter:site\" content=\"@mortystv\" \/>\n<meta name=\"twitter:label1\" content=\"Written by\" \/>\n\t<meta name=\"twitter:data1\" content=\"morty\" \/>\n\t<meta name=\"twitter:label2\" content=\"Est. reading time\" \/>\n\t<meta name=\"twitter:data2\" content=\"1 minute\" \/>\n<script type=\"application\/ld+json\" class=\"yoast-schema-graph\">{\"@context\":\"https:\/\/schema.org\",\"@graph\":[{\"@type\":\"Article\",\"@id\":\"https:\/\/mortystv.com\/blog\/2023\/06\/27\/official-apple-tv-trailer-for-stephen-curry-underrated-video\/#article\",\"isPartOf\":{\"@id\":\"https:\/\/mortystv.com\/blog\/2023\/06\/27\/official-apple-tv-trailer-for-stephen-curry-underrated-video\/\"},\"author\":{\"name\":\"morty\",\"@id\":\"https:\/\/mortystv.com\/blog\/#\/schema\/person\/ec63b069cf8528fdbe3b63a882c84e55\"},\"headline\":\"Official Apple TV+ Trailer for &#8220;Stephen Curry: Underrated&#8221; [VIDEO]\",\"datePublished\":\"2023-06-27T20:53:36+00:00\",\"mainEntityOfPage\":{\"@id\":\"https:\/\/mortystv.com\/blog\/2023\/06\/27\/official-apple-tv-trailer-for-stephen-curry-underrated-video\/\"},\"wordCount\":90,\"commentCount\":0,\"publisher\":{\"@id\":\"https:\/\/mortystv.com\/blog\/#organization\"},\"image\":{\"@id\":\"https:\/\/mortystv.com\/blog\/2023\/06\/27\/official-apple-tv-trailer-for-stephen-curry-underrated-video\/#primaryimage\"},\"thumbnailUrl\":\"https:\/\/mortystv.com\/blog\/wp-content\/uploads\/2023\/06\/Stephen-Curry.webp\",\"keywords\":[\"basketball\",\"biography\",\"nba\",\"Stephen Curry\"],\"articleSection\":[\"TV News\"],\"inLanguage\":\"en-US\",\"potentialAction\":[{\"@type\":\"CommentAction\",\"name\":\"Comment\",\"target\":[\"https:\/\/mortystv.com\/blog\/2023\/06\/27\/official-apple-tv-trailer-for-stephen-curry-underrated-video\/#respond\"]}]},{\"@type\":\"WebPage\",\"@id\":\"https:\/\/mortystv.com\/blog\/2023\/06\/27\/official-apple-tv-trailer-for-stephen-curry-underrated-video\/\",\"url\":\"https:\/\/mortystv.com\/blog\/2023\/06\/27\/official-apple-tv-trailer-for-stephen-curry-underrated-video\/\",\"name\":\"Official Apple TV+ Trailer for \\\"Stephen Curry: Underrated\\\" [VIDEO] - Morty&#039;s TV\",\"isPartOf\":{\"@id\":\"https:\/\/mortystv.com\/blog\/#website\"},\"primaryImageOfPage\":{\"@id\":\"https:\/\/mortystv.com\/blog\/2023\/06\/27\/official-apple-tv-trailer-for-stephen-curry-underrated-video\/#primaryimage\"},\"image\":{\"@id\":\"https:\/\/mortystv.com\/blog\/2023\/06\/27\/official-apple-tv-trailer-for-stephen-curry-underrated-video\/#primaryimage\"},\"thumbnailUrl\":\"https:\/\/mortystv.com\/blog\/wp-content\/uploads\/2023\/06\/Stephen-Curry.webp\",\"datePublished\":\"2023-06-27T20:53:36+00:00\",\"breadcrumb\":{\"@id\":\"https:\/\/mortystv.com\/blog\/2023\/06\/27\/official-apple-tv-trailer-for-stephen-curry-underrated-video\/#breadcrumb\"},\"inLanguage\":\"en-US\",\"potentialAction\":[{\"@type\":\"ReadAction\",\"target\":[\"https:\/\/mortystv.com\/blog\/2023\/06\/27\/official-apple-tv-trailer-for-stephen-curry-underrated-video\/\"]}]},{\"@type\":\"ImageObject\",\"inLanguage\":\"en-US\",\"@id\":\"https:\/\/mortystv.com\/blog\/2023\/06\/27\/official-apple-tv-trailer-for-stephen-curry-underrated-video\/#primaryimage\",\"url\":\"https:\/\/mortystv.com\/blog\/wp-content\/uploads\/2023\/06\/Stephen-Curry.webp\",\"contentUrl\":\"https:\/\/mortystv.com\/blog\/wp-content\/uploads\/2023\/06\/Stephen-Curry.webp\",\"width\":666,\"height\":375},{\"@type\":\"BreadcrumbList\",\"@id\":\"https:\/\/mortystv.com\/blog\/2023\/06\/27\/official-apple-tv-trailer-for-stephen-curry-underrated-video\/#breadcrumb\",\"itemListElement\":[{\"@type\":\"ListItem\",\"position\":1,\"name\":\"Home\",\"item\":\"https:\/\/mortystv.com\/blog\/\"},{\"@type\":\"ListItem\",\"position\":2,\"name\":\"Official Apple TV+ Trailer for &#8220;Stephen Curry: Underrated&#8221; [VIDEO]\"}]},{\"@type\":\"WebSite\",\"@id\":\"https:\/\/mortystv.com\/blog\/#website\",\"url\":\"https:\/\/mortystv.com\/blog\/\",\"name\":\"Morty's TV\",\"description\":\"TV  News, Big Brother Fan Pages with Daily Updates, and Obits\",\"publisher\":{\"@id\":\"https:\/\/mortystv.com\/blog\/#organization\"},\"potentialAction\":[{\"@type\":\"SearchAction\",\"target\":{\"@type\":\"EntryPoint\",\"urlTemplate\":\"https:\/\/mortystv.com\/blog\/?s={search_term_string}\"},\"query-input\":{\"@type\":\"PropertyValueSpecification\",\"valueRequired\":true,\"valueName\":\"search_term_string\"}}],\"inLanguage\":\"en-US\"},{\"@type\":\"Organization\",\"@id\":\"https:\/\/mortystv.com\/blog\/#organization\",\"name\":\"Morty's TV\",\"url\":\"https:\/\/mortystv.com\/blog\/\",\"logo\":{\"@type\":\"ImageObject\",\"inLanguage\":\"en-US\",\"@id\":\"https:\/\/mortystv.com\/blog\/#\/schema\/logo\/image\/\",\"url\":\"https:\/\/mortystv.com\/blog\/wp-content\/uploads\/2020\/09\/seo-logo.jpg\",\"contentUrl\":\"https:\/\/mortystv.com\/blog\/wp-content\/uploads\/2020\/09\/seo-logo.jpg\",\"width\":1226,\"height\":375,\"caption\":\"Morty's TV\"},\"image\":{\"@id\":\"https:\/\/mortystv.com\/blog\/#\/schema\/logo\/image\/\"},\"sameAs\":[\"https:\/\/www.facebook.com\/mortystv\",\"https:\/\/x.com\/mortystv\",\"https:\/\/www.instagram.com\/mortystv\/\",\"https:\/\/mortystv.bsky.social\/\"]},{\"@type\":\"Person\",\"@id\":\"https:\/\/mortystv.com\/blog\/#\/schema\/person\/ec63b069cf8528fdbe3b63a882c84e55\",\"name\":\"morty\",\"image\":{\"@type\":\"ImageObject\",\"inLanguage\":\"en-US\",\"@id\":\"https:\/\/mortystv.com\/blog\/#\/schema\/person\/image\/\",\"url\":\"https:\/\/secure.gravatar.com\/avatar\/f8d193cd52b136c105466b1a6e275471a201e3f2ef36511576a5b559448768be?s=96&d=mm&r=g\",\"contentUrl\":\"https:\/\/secure.gravatar.com\/avatar\/f8d193cd52b136c105466b1a6e275471a201e3f2ef36511576a5b559448768be?s=96&d=mm&r=g\",\"caption\":\"morty\"},\"description\":\"TV historian and Big Brother fan. Former contributor to The Philadelphia Inquirer TV section.\",\"sameAs\":[\"http:\/\/mortystv.com\",\"https:\/\/www.facebook.com\/mortystv\",\"https:\/\/x.com\/http:\/\/twitter.com\/#!\/mortystv\"],\"url\":\"https:\/\/mortystv.com\/blog\/author\/morty\/\"}]}<\/script>\n<!-- \/ Yoast SEO Premium plugin. -->","yoast_head_json":{"title":"Official Apple TV+ Trailer for \"Stephen Curry: Underrated\" [VIDEO] - Morty&#039;s TV","robots":{"index":"index","follow":"follow","max-snippet":"max-snippet:-1","max-image-preview":"max-image-preview:large","max-video-preview":"max-video-preview:-1"},"canonical":"https:\/\/mortystv.com\/blog\/2023\/06\/27\/official-apple-tv-trailer-for-stephen-curry-underrated-video\/","og_locale":"en_US","og_type":"article","og_title":"Official Apple TV+ Trailer for \"Stephen Curry: Underrated\" [VIDEO]","og_description":"The remarkable coming-of-age story of one of the most influential, dynamic, and unexpected players in the history of basketball: Stephen Curry. This feature documentary &#8211; blending intimate cin\u00e9ma v\u00e9rit\u00e9, archival footage, and on-camera interviews &#8211; documents Curry&#8217;s rise from an undersized college player at a small town Division I college to a four-time NBA champion, [&hellip;]","og_url":"https:\/\/mortystv.com\/blog\/2023\/06\/27\/official-apple-tv-trailer-for-stephen-curry-underrated-video\/","og_site_name":"Morty&#039;s TV","article_publisher":"https:\/\/www.facebook.com\/mortystv","article_author":"https:\/\/www.facebook.com\/mortystv","article_published_time":"2023-06-27T20:53:36+00:00","og_image":[{"width":666,"height":375,"url":"https:\/\/mortystv.com\/blog\/wp-content\/uploads\/2023\/06\/Stephen-Curry.webp","type":"image\/webp"}],"author":"morty","twitter_card":"summary_large_image","twitter_creator":"@http:\/\/twitter.com\/#!\/mortystv","twitter_site":"@mortystv","twitter_misc":{"Written by":"morty","Est. reading time":"1 minute"},"schema":{"@context":"https:\/\/schema.org","@graph":[{"@type":"Article","@id":"https:\/\/mortystv.com\/blog\/2023\/06\/27\/official-apple-tv-trailer-for-stephen-curry-underrated-video\/#article","isPartOf":{"@id":"https:\/\/mortystv.com\/blog\/2023\/06\/27\/official-apple-tv-trailer-for-stephen-curry-underrated-video\/"},"author":{"name":"morty","@id":"https:\/\/mortystv.com\/blog\/#\/schema\/person\/ec63b069cf8528fdbe3b63a882c84e55"},"headline":"Official Apple TV+ Trailer for &#8220;Stephen Curry: Underrated&#8221; [VIDEO]","datePublished":"2023-06-27T20:53:36+00:00","mainEntityOfPage":{"@id":"https:\/\/mortystv.com\/blog\/2023\/06\/27\/official-apple-tv-trailer-for-stephen-curry-underrated-video\/"},"wordCount":90,"commentCount":0,"publisher":{"@id":"https:\/\/mortystv.com\/blog\/#organization"},"image":{"@id":"https:\/\/mortystv.com\/blog\/2023\/06\/27\/official-apple-tv-trailer-for-stephen-curry-underrated-video\/#primaryimage"},"thumbnailUrl":"https:\/\/mortystv.com\/blog\/wp-content\/uploads\/2023\/06\/Stephen-Curry.webp","keywords":["basketball","biography","nba","Stephen Curry"],"articleSection":["TV News"],"inLanguage":"en-US","potentialAction":[{"@type":"CommentAction","name":"Comment","target":["https:\/\/mortystv.com\/blog\/2023\/06\/27\/official-apple-tv-trailer-for-stephen-curry-underrated-video\/#respond"]}]},{"@type":"WebPage","@id":"https:\/\/mortystv.com\/blog\/2023\/06\/27\/official-apple-tv-trailer-for-stephen-curry-underrated-video\/","url":"https:\/\/mortystv.com\/blog\/2023\/06\/27\/official-apple-tv-trailer-for-stephen-curry-underrated-video\/","name":"Official Apple TV+ Trailer for \"Stephen Curry: Underrated\" [VIDEO] - Morty&#039;s TV","isPartOf":{"@id":"https:\/\/mortystv.com\/blog\/#website"},"primaryImageOfPage":{"@id":"https:\/\/mortystv.com\/blog\/2023\/06\/27\/official-apple-tv-trailer-for-stephen-curry-underrated-video\/#primaryimage"},"image":{"@id":"https:\/\/mortystv.com\/blog\/2023\/06\/27\/official-apple-tv-trailer-for-stephen-curry-underrated-video\/#primaryimage"},"thumbnailUrl":"https:\/\/mortystv.com\/blog\/wp-content\/uploads\/2023\/06\/Stephen-Curry.webp","datePublished":"2023-06-27T20:53:36+00:00","breadcrumb":{"@id":"https:\/\/mortystv.com\/blog\/2023\/06\/27\/official-apple-tv-trailer-for-stephen-curry-underrated-video\/#breadcrumb"},"inLanguage":"en-US","potentialAction":[{"@type":"ReadAction","target":["https:\/\/mortystv.com\/blog\/2023\/06\/27\/official-apple-tv-trailer-for-stephen-curry-underrated-video\/"]}]},{"@type":"ImageObject","inLanguage":"en-US","@id":"https:\/\/mortystv.com\/blog\/2023\/06\/27\/official-apple-tv-trailer-for-stephen-curry-underrated-video\/#primaryimage","url":"https:\/\/mortystv.com\/blog\/wp-content\/uploads\/2023\/06\/Stephen-Curry.webp","contentUrl":"https:\/\/mortystv.com\/blog\/wp-content\/uploads\/2023\/06\/Stephen-Curry.webp","width":666,"height":375},{"@type":"BreadcrumbList","@id":"https:\/\/mortystv.com\/blog\/2023\/06\/27\/official-apple-tv-trailer-for-stephen-curry-underrated-video\/#breadcrumb","itemListElement":[{"@type":"ListItem","position":1,"name":"Home","item":"https:\/\/mortystv.com\/blog\/"},{"@type":"ListItem","position":2,"name":"Official Apple TV+ Trailer for &#8220;Stephen Curry: Underrated&#8221; [VIDEO]"}]},{"@type":"WebSite","@id":"https:\/\/mortystv.com\/blog\/#website","url":"https:\/\/mortystv.com\/blog\/","name":"Morty's TV","description":"TV  News, Big Brother Fan Pages with Daily Updates, and Obits","publisher":{"@id":"https:\/\/mortystv.com\/blog\/#organization"},"potentialAction":[{"@type":"SearchAction","target":{"@type":"EntryPoint","urlTemplate":"https:\/\/mortystv.com\/blog\/?s={search_term_string}"},"query-input":{"@type":"PropertyValueSpecification","valueRequired":true,"valueName":"search_term_string"}}],"inLanguage":"en-US"},{"@type":"Organization","@id":"https:\/\/mortystv.com\/blog\/#organization","name":"Morty's TV","url":"https:\/\/mortystv.com\/blog\/","logo":{"@type":"ImageObject","inLanguage":"en-US","@id":"https:\/\/mortystv.com\/blog\/#\/schema\/logo\/image\/","url":"https:\/\/mortystv.com\/blog\/wp-content\/uploads\/2020\/09\/seo-logo.jpg","contentUrl":"https:\/\/mortystv.com\/blog\/wp-content\/uploads\/2020\/09\/seo-logo.jpg","width":1226,"height":375,"caption":"Morty's TV"},"image":{"@id":"https:\/\/mortystv.com\/blog\/#\/schema\/logo\/image\/"},"sameAs":["https:\/\/www.facebook.com\/mortystv","https:\/\/x.com\/mortystv","https:\/\/www.instagram.com\/mortystv\/","https:\/\/mortystv.bsky.social\/"]},{"@type":"Person","@id":"https:\/\/mortystv.com\/blog\/#\/schema\/person\/ec63b069cf8528fdbe3b63a882c84e55","name":"morty","image":{"@type":"ImageObject","inLanguage":"en-US","@id":"https:\/\/mortystv.com\/blog\/#\/schema\/person\/image\/","url":"https:\/\/secure.gravatar.com\/avatar\/f8d193cd52b136c105466b1a6e275471a201e3f2ef36511576a5b559448768be?s=96&d=mm&r=g","contentUrl":"https:\/\/secure.gravatar.com\/avatar\/f8d193cd52b136c105466b1a6e275471a201e3f2ef36511576a5b559448768be?s=96&d=mm&r=g","caption":"morty"},"description":"TV historian and Big Brother fan. Former contributor to The Philadelphia Inquirer TV section.","sameAs":["http:\/\/mortystv.com","https:\/\/www.facebook.com\/mortystv","https:\/\/x.com\/http:\/\/twitter.com\/#!\/mortystv"],"url":"https:\/\/mortystv.com\/blog\/author\/morty\/"}]}},"jetpack_publicize_connections":[],"jetpack_featured_media_url":"https:\/\/mortystv.com\/blog\/wp-content\/uploads\/2023\/06\/Stephen-Curry.webp","jetpack_sharing_enabled":true,"jetpack-related-posts":[{"id":100631,"url":"https:\/\/mortystv.com\/blog\/2025\/05\/21\/cnbc-to-premiere-curry-inc-the-business-of-stephen-curry-on-june-4-9pm-et-pt-video\/","url_meta":{"origin":55894,"position":0},"title":"CNBC to Premiere &#8220;Curry Inc: The Business of Stephen Curry&#8221; on June 4 @ 9PM ET\/PT [VIDEO]","author":"morty","date":"May 21, 2025","format":false,"excerpt":"Just as the NBA Finals heat up, CNBC Sport is taking fans off the court and into the boardroom with the premiere of \"Curry Inc: The Business of Stephen Curry\" on Wednesday, June 4 @ 9PM ET\/PT. This all-new CNBC Sport production pulls back the curtain on how the four-time\u2026","rel":"","context":"In &quot;TV News&quot;","block_context":{"text":"TV News","link":"https:\/\/mortystv.com\/blog\/category\/tv_news\/"},"img":{"alt_text":"","src":"https:\/\/i0.wp.com\/mortystv.com\/blog\/wp-content\/uploads\/2025\/05\/Curry-Inc-the-Business-of-Stephen-Curry.webp?resize=350%2C200&ssl=1","width":350,"height":200,"srcset":"https:\/\/i0.wp.com\/mortystv.com\/blog\/wp-content\/uploads\/2025\/05\/Curry-Inc-the-Business-of-Stephen-Curry.webp?resize=350%2C200&ssl=1 1x, https:\/\/i0.wp.com\/mortystv.com\/blog\/wp-content\/uploads\/2025\/05\/Curry-Inc-the-Business-of-Stephen-Curry.webp?resize=525%2C300&ssl=1 1.5x"},"classes":[]},{"id":52985,"url":"https:\/\/mortystv.com\/blog\/2023\/04\/14\/apple-original-films-and-a24-announce-critically-acclaimed-documentary-stephen-curry-underrated-will-be-released-in-select-theaters-and-premiere-globally-on-apple-tv-on-friday-july-21-2023\/","url_meta":{"origin":55894,"position":1},"title":"Apple Original Films and A24 Announce Critically Acclaimed Documentary &#8220;Stephen Curry: Underrated&#8221; Will Be Released in Select Theaters and Premiere Globally on Apple TV+ on Friday, July 21, 2023","author":"morty","date":"April 14, 2023","format":false,"excerpt":"Apple Original Films and A24 announced today that the highly anticipated, critically acclaimed documentary \"Stephen Curry: Underrated,\" directed and produced by Emmy\u00ae Award winner Peter Nicks, will be released in select theaters and premiere globally on Apple TV+ on Friday, July 21, 2023. \"Stephen Curry: Underrated\" is the remarkable coming-of-age\u2026","rel":"","context":"In &quot;TV News&quot;","block_context":{"text":"TV News","link":"https:\/\/mortystv.com\/blog\/category\/tv_news\/"},"img":{"alt_text":"","src":"https:\/\/i0.wp.com\/mortystv.com\/blog\/wp-content\/uploads\/2023\/04\/stephen-curry-20230413.webp?resize=350%2C200&ssl=1","width":350,"height":200,"srcset":"https:\/\/i0.wp.com\/mortystv.com\/blog\/wp-content\/uploads\/2023\/04\/stephen-curry-20230413.webp?resize=350%2C200&ssl=1 1x, https:\/\/i0.wp.com\/mortystv.com\/blog\/wp-content\/uploads\/2023\/04\/stephen-curry-20230413.webp?resize=525%2C300&ssl=1 1.5x"},"classes":[]},{"id":106475,"url":"https:\/\/mortystv.com\/blog\/2025\/10\/09\/prime-video-releases-the-official-trailer-for-allen-iv3rson-video\/","url_meta":{"origin":55894,"position":2},"title":"Prime Video Releases the Official Trailer for &#8220;Allen Iv3rson&#8221; [VIDEO]","author":"morty","date":"October 9, 2025","format":false,"excerpt":"The three-part docuseries from Shaquille O'Neal's Jersey Legends and Stephen Curry and Erick Peyton's Unanimous Media exploring the life of NBA legend Allen Iverson will premiere October 23, exclusively on Prime Video Prime Video released the official trailer for Allen Iv3rson, a three-part docuseries from Shaquille O'Neal's Jersey Legends (a\u2026","rel":"","context":"In &quot;TV News&quot;","block_context":{"text":"TV News","link":"https:\/\/mortystv.com\/blog\/category\/tv_news\/"},"img":{"alt_text":"","src":"https:\/\/i0.wp.com\/mortystv.com\/blog\/wp-content\/uploads\/2025\/10\/Allen-Iv3rson-20251008.webp?resize=350%2C200&ssl=1","width":350,"height":200,"srcset":"https:\/\/i0.wp.com\/mortystv.com\/blog\/wp-content\/uploads\/2025\/10\/Allen-Iv3rson-20251008.webp?resize=350%2C200&ssl=1 1x, https:\/\/i0.wp.com\/mortystv.com\/blog\/wp-content\/uploads\/2025\/10\/Allen-Iv3rson-20251008.webp?resize=525%2C300&ssl=1 1.5x"},"classes":[]},{"id":39405,"url":"https:\/\/mortystv.com\/blog\/2022\/06\/30\/nba-world-champion-and-finals-mvp-stephen-curry-to-host-the-2022-espys-presented-by-capital-one-airing-july-20-8pm-et-5pm-pt-on-abc\/","url_meta":{"origin":55894,"position":3},"title":"NBA World Champion and Finals MVP Stephen Curry to Host &#8220;The 2022 ESPYS Presented by Capital One&#8221; Airing July 20 @ 8PM ET \/ 5PM PT on ABC","author":"morty","date":"June 30, 2022","format":false,"excerpt":"\"The 2022 ESPYS Presented by Capital One\" will be hosted by recent NBA Champion and Finals MVP Stephen Curry. The four-time NBA champion will join top celebrities from sports and entertainment to celebrate the past year in sports by recognizing major sports achievements, remembering unforgettable moments, and honoring the leading\u2026","rel":"","context":"In &quot;TV News&quot;","block_context":{"text":"TV News","link":"https:\/\/mortystv.com\/blog\/category\/tv_news\/"},"img":{"alt_text":"","src":"https:\/\/i0.wp.com\/mortystv.com\/blog\/wp-content\/uploads\/2022\/06\/ESPYS.jpg?resize=350%2C200&ssl=1","width":350,"height":200,"srcset":"https:\/\/i0.wp.com\/mortystv.com\/blog\/wp-content\/uploads\/2022\/06\/ESPYS.jpg?resize=350%2C200&ssl=1 1x, https:\/\/i0.wp.com\/mortystv.com\/blog\/wp-content\/uploads\/2022\/06\/ESPYS.jpg?resize=525%2C300&ssl=1 1.5x"},"classes":[]},{"id":44438,"url":"https:\/\/mortystv.com\/blog\/2022\/10\/20\/apple-tv-announced-a-new-documentary-film-underrated-featuring-the-breakout-story-of-nba-superstar-stephen-curry\/","url_meta":{"origin":55894,"position":4},"title":"Apple TV Announced a New Documentary Film &#8220;Underrated,&#8221; Featuring the Breakout Story of NBA Superstar Stephen Curry","author":"morty","date":"October 20, 2022","format":false,"excerpt":"Emmy Award winner Peter Nicks directs and produces the film, alongside Academy Award nominee Ryan Coogler and producer Erick Peyton Apple Original Films, A24, and Unanimous Media announce the new documentary film \"Underrated,\" featuring the breakout story of NBA superstar Stephen Curry and his historic success during the 2008 March\u2026","rel":"","context":"In &quot;TV News&quot;","block_context":{"text":"TV News","link":"https:\/\/mortystv.com\/blog\/category\/tv_news\/"},"img":{"alt_text":"","src":"https:\/\/i0.wp.com\/mortystv.com\/blog\/wp-content\/uploads\/2022\/10\/apple-tv-plus-feat-jpg.webp?resize=350%2C200&ssl=1","width":350,"height":200},"classes":[]},{"id":105467,"url":"https:\/\/mortystv.com\/blog\/2025\/09\/17\/prime-video-announces-october-23-premiere-date-for-allen-iv3rson-video\/","url_meta":{"origin":55894,"position":5},"title":"Prime Video Announces October 23 Premiere Date for &#8220;Allen Iv3rson&#8221; [VIDEO]","author":"morty","date":"September 17, 2025","format":false,"excerpt":"Prime Video announced an October 23 premiere date and released a first-look teaser trailer for a three-part docuseries from Shaquille O'Neal's Jersey Legends (a division of Authentic Studios) and Stephen Curry and Erick Peyton's Unanimous Media about the inspiring journey of former NBA superstar Allen Iverson. Directed by One9, the\u2026","rel":"","context":"In &quot;TV News&quot;","block_context":{"text":"TV News","link":"https:\/\/mortystv.com\/blog\/category\/tv_news\/"},"img":{"alt_text":"","src":"https:\/\/i0.wp.com\/mortystv.com\/blog\/wp-content\/uploads\/2025\/09\/Allen-Iv3rson.webp?resize=350%2C200&ssl=1","width":350,"height":200,"srcset":"https:\/\/i0.wp.com\/mortystv.com\/blog\/wp-content\/uploads\/2025\/09\/Allen-Iv3rson.webp?resize=350%2C200&ssl=1 1x, https:\/\/i0.wp.com\/mortystv.com\/blog\/wp-content\/uploads\/2025\/09\/Allen-Iv3rson.webp?resize=525%2C300&ssl=1 1.5x"},"classes":[]}],"jetpack_likes_enabled":true,"_links":{"self":[{"href":"https:\/\/mortystv.com\/blog\/wp-json\/wp\/v2\/posts\/55894","targetHints":{"allow":["GET"]}}],"collection":[{"href":"https:\/\/mortystv.com\/blog\/wp-json\/wp\/v2\/posts"}],"about":[{"href":"https:\/\/mortystv.com\/blog\/wp-json\/wp\/v2\/types\/post"}],"author":[{"embeddable":true,"href":"https:\/\/mortystv.com\/blog\/wp-json\/wp\/v2\/users\/1"}],"replies":[{"embeddable":true,"href":"https:\/\/mortystv.com\/blog\/wp-json\/wp\/v2\/comments?post=55894"}],"version-history":[{"count":0,"href":"https:\/\/mortystv.com\/blog\/wp-json\/wp\/v2\/posts\/55894\/revisions"}],"wp:featuredmedia":[{"embeddable":true,"href":"https:\/\/mortystv.com\/blog\/wp-json\/wp\/v2\/media\/55895"}],"wp:attachment":[{"href":"https:\/\/mortystv.com\/blog\/wp-json\/wp\/v2\/media?parent=55894"}],"wp:term":[{"taxonomy":"category","embeddable":true,"href":"https:\/\/mortystv.com\/blog\/wp-json\/wp\/v2\/categories?post=55894"},{"taxonomy":"post_tag","embeddable":true,"href":"https:\/\/mortystv.com\/blog\/wp-json\/wp\/v2\/tags?post=55894"}],"curies":[{"name":"wp","href":"https:\/\/api.w.org\/{rel}","templated":true}]}}