{"id":55486,"date":"2023-06-15T15:14:02","date_gmt":"2023-06-15T19:14:02","guid":{"rendered":"https:\/\/mortystv.com\/blog\/?p=55486"},"modified":"2023-06-15T15:14:02","modified_gmt":"2023-06-15T19:14:02","slug":"season-3-of-ragnarok-is-coming-to-netflix-on-august-24","status":"publish","type":"post","link":"https:\/\/mortystv.com\/blog\/2023\/06\/15\/season-3-of-ragnarok-is-coming-to-netflix-on-august-24\/","title":{"rendered":"Season 3 of &#8220;Ragnarok&#8221; Is Coming to Netflix on August 24"},"content":{"rendered":"<p class=\"jetpack-slideshow-noscript robots-nocontent\">This slideshow requires JavaScript.<\/p><div id=\"gallery-55486-1-slideshow\" class=\"jetpack-slideshow-window jetpack-slideshow jetpack-slideshow-black\" data-trans=\"fade\" data-autostart=\"1\" data-gallery=\"[{&quot;src&quot;:&quot;https:\\\/\\\/mortystv.com\\\/blog\\\/wp-content\\\/uploads\\\/2023\\\/06\\\/Ragnarok-20230615i.jpg&quot;,&quot;id&quot;:&quot;55487&quot;,&quot;title&quot;:&quot;Ragnarok 20230615i&quot;,&quot;alt&quot;:&quot;&quot;,&quot;caption&quot;:&quot;&quot;,&quot;itemprop&quot;:&quot;image&quot;},{&quot;src&quot;:&quot;https:\\\/\\\/mortystv.com\\\/blog\\\/wp-content\\\/uploads\\\/2023\\\/06\\\/Ragnarok-20230615h.jpg&quot;,&quot;id&quot;:&quot;55488&quot;,&quot;title&quot;:&quot;Ragnarok S3&quot;,&quot;alt&quot;:&quot;&quot;,&quot;caption&quot;:&quot;Ragnarok. Jonas Strand Gravli as Laurits in Ragnarok. Cr. Courtesy of Netflix \\u00a9 2023&quot;,&quot;itemprop&quot;:&quot;image&quot;},{&quot;src&quot;:&quot;https:\\\/\\\/mortystv.com\\\/blog\\\/wp-content\\\/uploads\\\/2023\\\/06\\\/Ragnarok-20230615g.jpg&quot;,&quot;id&quot;:&quot;55489&quot;,&quot;title&quot;:&quot;Ragnarok S3&quot;,&quot;alt&quot;:&quot;&quot;,&quot;caption&quot;:&quot;Ragnarok. (L to R) Bj\\u00f8rn Sundquist as Wotan and David Stakston as Magne in Ragnarok. Cr. Courtesy of Netflix \\u00a9 2023&quot;,&quot;itemprop&quot;:&quot;image&quot;},{&quot;src&quot;:&quot;https:\\\/\\\/mortystv.com\\\/blog\\\/wp-content\\\/uploads\\\/2023\\\/06\\\/Ragnarok-20230615f.jpg&quot;,&quot;id&quot;:&quot;55490&quot;,&quot;title&quot;:&quot;Ragnarok S3&quot;,&quot;alt&quot;:&quot;&quot;,&quot;caption&quot;:&quot;Ragnarok. (L to R) Synn\\u00f8ve Macody Lund as Ran, Herman T\\u00f8mmeraas and Theresa Frostad Eggesb\\u00f8 as Saxa in Ragnarok. Cr. Courtesy of Netflix \\u00a9 2023&quot;,&quot;itemprop&quot;:&quot;image&quot;},{&quot;src&quot;:&quot;https:\\\/\\\/mortystv.com\\\/blog\\\/wp-content\\\/uploads\\\/2023\\\/06\\\/Ragnarok-20230615e.jpg&quot;,&quot;id&quot;:&quot;55491&quot;,&quot;title&quot;:&quot;Ragnarok S3&quot;,&quot;alt&quot;:&quot;&quot;,&quot;caption&quot;:&quot;Ragnarok. Danu Suntharasigamany as Iman. Cr. Courtesy of Netflix \\u00a9 2023&quot;,&quot;itemprop&quot;:&quot;image&quot;},{&quot;src&quot;:&quot;https:\\\/\\\/mortystv.com\\\/blog\\\/wp-content\\\/uploads\\\/2023\\\/06\\\/Ragnarok-20230615d.jpg&quot;,&quot;id&quot;:&quot;55492&quot;,&quot;title&quot;:&quot;Ragnarok S3&quot;,&quot;alt&quot;:&quot;&quot;,&quot;caption&quot;:&quot;Ragnarok. (L to R) Herman T\\u00f8mmeraas and Synn\\u00f8ve Macody Lund as Ran in Ragnarok. Cr. Courtesy of Netflix \\u00a9 2023&quot;,&quot;itemprop&quot;:&quot;image&quot;},{&quot;src&quot;:&quot;https:\\\/\\\/mortystv.com\\\/blog\\\/wp-content\\\/uploads\\\/2023\\\/06\\\/Ragnarok-20230615c.jpg&quot;,&quot;id&quot;:&quot;55493&quot;,&quot;title&quot;:&quot;Ragnarok S3&quot;,&quot;alt&quot;:&quot;&quot;,&quot;caption&quot;:&quot;Ragnarok. (L to R) Danu Suntharasigamany as Iman, Benjamin Helstad as Harry, Ruben Rosbach as Kiwi,David Stakston as Magne, Bj\\u00f8rn Sundquist as Wotan, Jonas Strand Gravli as Laurits and Vebj\\u00f8rn Enger as Jens in Ragnarok. Cr. Courtesy of Netflix \\u00a9 2023&quot;,&quot;itemprop&quot;:&quot;image&quot;},{&quot;src&quot;:&quot;https:\\\/\\\/mortystv.com\\\/blog\\\/wp-content\\\/uploads\\\/2023\\\/06\\\/Ragnarok-20230615b.jpg&quot;,&quot;id&quot;:&quot;55494&quot;,&quot;title&quot;:&quot;Ragnarok S3&quot;,&quot;alt&quot;:&quot;&quot;,&quot;caption&quot;:&quot;Ragnarok. (L to R) Billie Barker as Signy and David Stakston as Magne in Ragnarok. Cr. Courtesy of Netflix \\u00a9 2023&quot;,&quot;itemprop&quot;:&quot;image&quot;},{&quot;src&quot;:&quot;https:\\\/\\\/mortystv.com\\\/blog\\\/wp-content\\\/uploads\\\/2023\\\/06\\\/Ragnarok-20230615a.jpg&quot;,&quot;id&quot;:&quot;55495&quot;,&quot;title&quot;:&quot;Ragnarok S3&quot;,&quot;alt&quot;:&quot;&quot;,&quot;caption&quot;:&quot;Ragnarok. (L to R) Herman T\\u00f8mmeraas and Theresa Frostad Eggesb\\u00f8 as Saxa in Ragnarok. Cr. Courtesy of Netflix \\u00a9 2023&quot;,&quot;itemprop&quot;:&quot;image&quot;}]\" itemscope itemtype=\"https:\/\/schema.org\/ImageGallery\"><\/div>\n<p>&nbsp;<\/p>\n<p>Today, Netflix reveals the premiere date and shares a first look at the third and final season of Ragnarok. The coming-of-age series with a twist of Norse mythology will launch globally on Netflix on August 24, 2023.<\/p><div id=\"morty-2423227934\" class=\"morty-content\"><script async src=\"\/\/pagead2.googlesyndication.com\/pagead\/js\/adsbygoogle.js?client=ca-pub-4937602850188786\" crossorigin=\"anonymous\"><\/script><ins class=\"adsbygoogle\" style=\"display:block; text-align:center;\" data-ad-client=\"ca-pub-4937602850188786\" \ndata-ad-slot=\"5227734695\" \ndata-ad-layout=\"in-article\"\ndata-ad-format=\"fluid\" data-full-width-responsive=\"true\"><\/ins>\n<script> \n(adsbygoogle = window.adsbygoogle || []).push({}); \n<\/script>\n<\/div>\n<p>Everything has led to this. As an epic final battle of gods against giants draws near, Magne&#8217;s fortitude will face its ultimate trial.<\/p>\n<p>What do you do when you&#8217;re an 18-year-old high school senior in a small town in Norway, and you have realized that you&#8217;re the chosen one whose task it is to stand up to an ancient and extremely powerful enemy that keeps not just a whole town but an entire country in an iron grip?<\/p>\n<p>The protagonist Magne must attempt to fight this enemy, but how do you keep your cool and make the right choices when you&#8217;re a teenager in love, suddenly armed with the world&#8217;s mightiest weapon, while at the same time having to figure out who you are? Magne has to weigh every step on his journey from child to adult. As well as navigate the many relations he has finally managed to forge in the small town. But who is &#8211; when it all comes down to it &#8211; his friend? And who is his enemy?<\/p>\n<p>Cast: David Stakston, Jonas Strand Gravli, Theresa Frostad Eggesb\u00f8, Herman T\u00f8mmeraas, Danu Sunth, Henriette Steenstrup, Synn\u00f8ve Macody Lund, Odd-Magnus Williamsson, Bj\u00f8rn Sundqvist, Vebj\u00f8rn Enger, Billie Barker, Benjamin Helstad, Ruben Rosbach, Ida Nilsen, Jesper Malm, Fridtjov S\u00e5heim, Espen Sigurdsen and others.<\/p><div id=\"morty-1964564586\" class=\"morty-content_2\" style=\"margin-left: auto;margin-right: auto;text-align: center;\"><script async src=\"\/\/pagead2.googlesyndication.com\/pagead\/js\/adsbygoogle.js?client=ca-pub-4937602850188786\" crossorigin=\"anonymous\"><\/script><ins class=\"adsbygoogle\" style=\"display:block; text-align:center;\" data-ad-client=\"ca-pub-4937602850188786\" \ndata-ad-slot=\"5227734695\" \ndata-ad-layout=\"in-article\"\ndata-ad-format=\"fluid\" data-full-width-responsive=\"true\"><\/ins>\n<script> \n(adsbygoogle = window.adsbygoogle || []).push({}); \n<\/script>\n<\/div>\n<p><a href=\"http:\/\/www.netflix.com\/ragnarok\">www.netflix.com\/ragnarok<\/a><\/p>\n<p>Production company: SAM Productions<\/p>\n<p>Creators and writers: Adam Price and Emilie Lebech Kaae<\/p>\n<p>Executive producers: Meta Louise Foldager S\u00f8rensen and Adam Price<\/p>\n<p>Producer: Stine Meldgaard Madsen<\/p>\n<p>Associate producer: Nina Quist<\/p>\n<p>Director: Mogens Hagedorn<br \/>\n\r\n      <table id=\"tmdb-pro\">\r\n        <tbody>\r\n          <tr>\r\n            <td class=\"tmdb-pro-poster\" width=\"20%\" rowspan=\"3\"><img decoding=\"async\" width=\"100%\" src=\"https:\/\/image.tmdb.org\/t\/p\/w300_and_h450_bestv2\/\/37p95Lpe7mfVX86ZcVr7TisAHPn.jpg\"><\/td>\r\n            <td>\r\n              <h3><b>Ragnarok<\/b><\/h3>\r\n            <\/td>\r\n          <\/tr>\r\n          <tr><td><span><b>Network:<\/b> Netflix<\/span><span><b>Genre:<\/b> Sci-Fi &amp; Fantasy<\/span><span><b>Seasons:<\/b> 3<\/span><span><b>Episodes:<\/b> 18<\/span><\/td><\/tr><tr><td><h5><b>Overview<\/b><\/h5><p>A small Norwegian town experiencing warm winters and violent downpours seems to be headed for another Ragnar\u00f6k -- unless someone intervenes in time.<\/p><\/td><\/tr>\r\n        <\/tbody>\r\n      <\/table>  \r\n    <br \/>\n<div class=\"content_block\" id=\"custom_post_widget-26535\"><p><a href=\"https:\/\/www.themoviedb.org\/\"><img decoding=\"async\" class=\"wp-image-25983\" src=\"https:\/\/mortystv.com\/blog\/wp-content\/uploads\/2021\/09\/program-info-provided-by-tmdb.jpg\" alt=\"Powered by TMDB.org\" width=\"250\" height=\"52\" srcset=\"https:\/\/mortystv.com\/blog\/wp-content\/uploads\/2021\/09\/program-info-provided-by-tmdb.jpg 353w, https:\/\/mortystv.com\/blog\/wp-content\/uploads\/2021\/09\/program-info-provided-by-tmdb-300x63.jpg 300w, https:\/\/mortystv.com\/blog\/wp-content\/uploads\/2021\/09\/program-info-provided-by-tmdb-350x74.jpg 350w\" sizes=\"(max-width: 250px) 100vw, 250px\" \/><\/a><\/p>\n<div style=\"line-height: .4em;\"><span style=\"white-space: pre-wrap; font: normal 8pt Arial;\">TV &amp; Movie information has been provided by <a href=\"https:\/\/www.themoviedb.org\/\">themoviedb.org<\/a><\/span><\/div>\n<\/div><\/p>\n","protected":false},"excerpt":{"rendered":"<p>&nbsp; Today, Netflix reveals the premiere date and shares a first look at the third and final season of Ragnarok. The coming-of-age series with a twist of Norse mythology will launch globally on Netflix on August 24, 2023. Everything has led to this. As an epic final battle of gods against giants draws near, Magne&#8217;s [&hellip;]<\/p>\n","protected":false},"author":1,"featured_media":55490,"comment_status":"open","ping_status":"open","sticky":false,"template":"","format":"standard","meta":{"_acf_changed":false,"jetpack_post_was_ever_published":false,"jnews-multi-image_gallery":[],"jnews_single_post":{"source_name":"","source_url":"","via_name":"","via_url":"","override_template":"0","override":[{"template":"1","single_blog_custom":"","parallax":"1","fullscreen":"1","layout":"right-sidebar","sidebar":"default-sidebar","second_sidebar":"default-sidebar","sticky_sidebar":"1","share_position":"top","share_float_style":"share-monocrhome","show_share_counter":"1","show_view_counter":"0","show_featured":"1","show_post_meta":"1","show_post_author":"1","show_post_author_image":"0","show_post_date":"1","post_date_format":"default","post_date_format_custom":"Y\/m\/d","show_post_category":"1","show_post_reading_time":"0","post_reading_time_wpm":"300","show_zoom_button":"0","zoom_button_out_step":"2","zoom_button_in_step":"3","show_post_tag":"0","show_prev_next_post":"1","show_popup_post":"1","number_popup_post":"1","show_author_box":"0","show_post_related":"1","show_inline_post_related":"0"}],"override_image_size":"0","image_override":[{"single_post_thumbnail_size":"crop-500","single_post_gallery_size":"crop-500"}],"trending_post":"0","trending_post_position":"meta","trending_post_label":"Trending","sponsored_post":"0","sponsored_post_label":"Sponsored by","sponsored_post_name":"","sponsored_post_url":"","sponsored_post_logo_enable":"0","sponsored_post_logo":"","sponsored_post_desc":"","disable_ad":"0"},"jnews_primary_category":{"id":"","hide":""},"footnotes":"","jetpack_publicize_message":"","jetpack_publicize_feature_enabled":true,"jetpack_social_post_already_shared":true,"jetpack_social_options":{"image_generator_settings":{"template":"highway","default_image_id":0,"font":"","enabled":false},"version":2},"_wpas_customize_per_network":false},"categories":[1],"tags":[133,138,239,1042,201],"class_list":["post-55486","post","type-post","status-publish","format-standard","has-post-thumbnail","hentry","category-tv_news","tag-drama","tag-fantasy","tag-mystery","tag-ragnarok","tag-sci-fi"],"acf":[],"yoast_head":"<!-- This site is optimized with the Yoast SEO Premium plugin v27.1 (Yoast SEO v27.1.1) - https:\/\/yoast.com\/product\/yoast-seo-premium-wordpress\/ -->\n<title>Season 3 of &quot;Ragnarok&quot; Is Coming to Netflix on August 24 - Morty&#039;s TV<\/title>\n<meta name=\"robots\" content=\"index, follow, max-snippet:-1, max-image-preview:large, max-video-preview:-1\" \/>\n<link rel=\"canonical\" href=\"https:\/\/mortystv.com\/blog\/2023\/06\/15\/season-3-of-ragnarok-is-coming-to-netflix-on-august-24\/\" \/>\n<meta property=\"og:locale\" content=\"en_US\" \/>\n<meta property=\"og:type\" content=\"article\" \/>\n<meta property=\"og:title\" content=\"Season 3 of &quot;Ragnarok&quot; Is Coming to Netflix on August 24\" \/>\n<meta property=\"og:description\" content=\"&nbsp; Today, Netflix reveals the premiere date and shares a first look at the third and final season of Ragnarok. The coming-of-age series with a twist of Norse mythology will launch globally on Netflix on August 24, 2023. Everything has led to this. As an epic final battle of gods against giants draws near, Magne&#8217;s [&hellip;]\" \/>\n<meta property=\"og:url\" content=\"https:\/\/mortystv.com\/blog\/2023\/06\/15\/season-3-of-ragnarok-is-coming-to-netflix-on-august-24\/\" \/>\n<meta property=\"og:site_name\" content=\"Morty&#039;s TV\" \/>\n<meta property=\"article:publisher\" content=\"https:\/\/www.facebook.com\/mortystv\" \/>\n<meta property=\"article:author\" content=\"https:\/\/www.facebook.com\/mortystv\" \/>\n<meta property=\"article:published_time\" content=\"2023-06-15T19:14:02+00:00\" \/>\n<meta property=\"og:image\" content=\"https:\/\/mortystv.com\/blog\/wp-content\/uploads\/2023\/06\/Ragnarok-20230615f.jpg\" \/>\n\t<meta property=\"og:image:width\" content=\"480\" \/>\n\t<meta property=\"og:image:height\" content=\"320\" \/>\n\t<meta property=\"og:image:type\" content=\"image\/jpeg\" \/>\n<meta name=\"author\" content=\"morty\" \/>\n<meta name=\"twitter:card\" content=\"summary_large_image\" \/>\n<meta name=\"twitter:creator\" content=\"@http:\/\/twitter.com\/#!\/mortystv\" \/>\n<meta name=\"twitter:site\" content=\"@mortystv\" \/>\n<meta name=\"twitter:label1\" content=\"Written by\" \/>\n\t<meta name=\"twitter:data1\" content=\"morty\" \/>\n\t<meta name=\"twitter:label2\" content=\"Est. reading time\" \/>\n\t<meta name=\"twitter:data2\" content=\"2 minutes\" \/>\n<script type=\"application\/ld+json\" class=\"yoast-schema-graph\">{\"@context\":\"https:\/\/schema.org\",\"@graph\":[{\"@type\":\"Article\",\"@id\":\"https:\/\/mortystv.com\/blog\/2023\/06\/15\/season-3-of-ragnarok-is-coming-to-netflix-on-august-24\/#article\",\"isPartOf\":{\"@id\":\"https:\/\/mortystv.com\/blog\/2023\/06\/15\/season-3-of-ragnarok-is-coming-to-netflix-on-august-24\/\"},\"author\":{\"name\":\"morty\",\"@id\":\"https:\/\/mortystv.com\/blog\/#\/schema\/person\/ec63b069cf8528fdbe3b63a882c84e55\"},\"headline\":\"Season 3 of &#8220;Ragnarok&#8221; Is Coming to Netflix on August 24\",\"datePublished\":\"2023-06-15T19:14:02+00:00\",\"mainEntityOfPage\":{\"@id\":\"https:\/\/mortystv.com\/blog\/2023\/06\/15\/season-3-of-ragnarok-is-coming-to-netflix-on-august-24\/\"},\"wordCount\":327,\"commentCount\":0,\"publisher\":{\"@id\":\"https:\/\/mortystv.com\/blog\/#organization\"},\"image\":{\"@id\":\"https:\/\/mortystv.com\/blog\/2023\/06\/15\/season-3-of-ragnarok-is-coming-to-netflix-on-august-24\/#primaryimage\"},\"thumbnailUrl\":\"https:\/\/mortystv.com\/blog\/wp-content\/uploads\/2023\/06\/Ragnarok-20230615f.jpg\",\"keywords\":[\"drama\",\"fantasy\",\"mystery\",\"ragnarok\",\"sci-fi\"],\"articleSection\":[\"TV News\"],\"inLanguage\":\"en-US\",\"potentialAction\":[{\"@type\":\"CommentAction\",\"name\":\"Comment\",\"target\":[\"https:\/\/mortystv.com\/blog\/2023\/06\/15\/season-3-of-ragnarok-is-coming-to-netflix-on-august-24\/#respond\"]}]},{\"@type\":\"WebPage\",\"@id\":\"https:\/\/mortystv.com\/blog\/2023\/06\/15\/season-3-of-ragnarok-is-coming-to-netflix-on-august-24\/\",\"url\":\"https:\/\/mortystv.com\/blog\/2023\/06\/15\/season-3-of-ragnarok-is-coming-to-netflix-on-august-24\/\",\"name\":\"Season 3 of \\\"Ragnarok\\\" Is Coming to Netflix on August 24 - Morty&#039;s TV\",\"isPartOf\":{\"@id\":\"https:\/\/mortystv.com\/blog\/#website\"},\"primaryImageOfPage\":{\"@id\":\"https:\/\/mortystv.com\/blog\/2023\/06\/15\/season-3-of-ragnarok-is-coming-to-netflix-on-august-24\/#primaryimage\"},\"image\":{\"@id\":\"https:\/\/mortystv.com\/blog\/2023\/06\/15\/season-3-of-ragnarok-is-coming-to-netflix-on-august-24\/#primaryimage\"},\"thumbnailUrl\":\"https:\/\/mortystv.com\/blog\/wp-content\/uploads\/2023\/06\/Ragnarok-20230615f.jpg\",\"datePublished\":\"2023-06-15T19:14:02+00:00\",\"breadcrumb\":{\"@id\":\"https:\/\/mortystv.com\/blog\/2023\/06\/15\/season-3-of-ragnarok-is-coming-to-netflix-on-august-24\/#breadcrumb\"},\"inLanguage\":\"en-US\",\"potentialAction\":[{\"@type\":\"ReadAction\",\"target\":[\"https:\/\/mortystv.com\/blog\/2023\/06\/15\/season-3-of-ragnarok-is-coming-to-netflix-on-august-24\/\"]}]},{\"@type\":\"ImageObject\",\"inLanguage\":\"en-US\",\"@id\":\"https:\/\/mortystv.com\/blog\/2023\/06\/15\/season-3-of-ragnarok-is-coming-to-netflix-on-august-24\/#primaryimage\",\"url\":\"https:\/\/mortystv.com\/blog\/wp-content\/uploads\/2023\/06\/Ragnarok-20230615f.jpg\",\"contentUrl\":\"https:\/\/mortystv.com\/blog\/wp-content\/uploads\/2023\/06\/Ragnarok-20230615f.jpg\",\"width\":480,\"height\":320,\"caption\":\"Ragnarok. (L to R) Synn\u00f8ve Macody Lund as Ran, Herman T\u00f8mmeraas and Theresa Frostad Eggesb\u00f8 as Saxa in Ragnarok. Cr. Courtesy of Netflix \u00a9 2023\"},{\"@type\":\"BreadcrumbList\",\"@id\":\"https:\/\/mortystv.com\/blog\/2023\/06\/15\/season-3-of-ragnarok-is-coming-to-netflix-on-august-24\/#breadcrumb\",\"itemListElement\":[{\"@type\":\"ListItem\",\"position\":1,\"name\":\"Home\",\"item\":\"https:\/\/mortystv.com\/blog\/\"},{\"@type\":\"ListItem\",\"position\":2,\"name\":\"Season 3 of &#8220;Ragnarok&#8221; Is Coming to Netflix on August 24\"}]},{\"@type\":\"WebSite\",\"@id\":\"https:\/\/mortystv.com\/blog\/#website\",\"url\":\"https:\/\/mortystv.com\/blog\/\",\"name\":\"Morty's TV\",\"description\":\"TV  News, Big Brother Fan Pages with Daily Updates, and Obits\",\"publisher\":{\"@id\":\"https:\/\/mortystv.com\/blog\/#organization\"},\"potentialAction\":[{\"@type\":\"SearchAction\",\"target\":{\"@type\":\"EntryPoint\",\"urlTemplate\":\"https:\/\/mortystv.com\/blog\/?s={search_term_string}\"},\"query-input\":{\"@type\":\"PropertyValueSpecification\",\"valueRequired\":true,\"valueName\":\"search_term_string\"}}],\"inLanguage\":\"en-US\"},{\"@type\":\"Organization\",\"@id\":\"https:\/\/mortystv.com\/blog\/#organization\",\"name\":\"Morty's TV\",\"url\":\"https:\/\/mortystv.com\/blog\/\",\"logo\":{\"@type\":\"ImageObject\",\"inLanguage\":\"en-US\",\"@id\":\"https:\/\/mortystv.com\/blog\/#\/schema\/logo\/image\/\",\"url\":\"https:\/\/mortystv.com\/blog\/wp-content\/uploads\/2020\/09\/seo-logo.jpg\",\"contentUrl\":\"https:\/\/mortystv.com\/blog\/wp-content\/uploads\/2020\/09\/seo-logo.jpg\",\"width\":1226,\"height\":375,\"caption\":\"Morty's TV\"},\"image\":{\"@id\":\"https:\/\/mortystv.com\/blog\/#\/schema\/logo\/image\/\"},\"sameAs\":[\"https:\/\/www.facebook.com\/mortystv\",\"https:\/\/x.com\/mortystv\",\"https:\/\/www.instagram.com\/mortystv\/\",\"https:\/\/mortystv.bsky.social\/\"]},{\"@type\":\"Person\",\"@id\":\"https:\/\/mortystv.com\/blog\/#\/schema\/person\/ec63b069cf8528fdbe3b63a882c84e55\",\"name\":\"morty\",\"image\":{\"@type\":\"ImageObject\",\"inLanguage\":\"en-US\",\"@id\":\"https:\/\/mortystv.com\/blog\/#\/schema\/person\/image\/\",\"url\":\"https:\/\/secure.gravatar.com\/avatar\/f8d193cd52b136c105466b1a6e275471a201e3f2ef36511576a5b559448768be?s=96&d=mm&r=g\",\"contentUrl\":\"https:\/\/secure.gravatar.com\/avatar\/f8d193cd52b136c105466b1a6e275471a201e3f2ef36511576a5b559448768be?s=96&d=mm&r=g\",\"caption\":\"morty\"},\"description\":\"TV historian and Big Brother fan. Former contributor to The Philadelphia Inquirer TV section.\",\"sameAs\":[\"http:\/\/mortystv.com\",\"https:\/\/www.facebook.com\/mortystv\",\"https:\/\/x.com\/http:\/\/twitter.com\/#!\/mortystv\"],\"url\":\"https:\/\/mortystv.com\/blog\/author\/morty\/\"}]}<\/script>\n<!-- \/ Yoast SEO Premium plugin. -->","yoast_head_json":{"title":"Season 3 of \"Ragnarok\" Is Coming to Netflix on August 24 - Morty&#039;s TV","robots":{"index":"index","follow":"follow","max-snippet":"max-snippet:-1","max-image-preview":"max-image-preview:large","max-video-preview":"max-video-preview:-1"},"canonical":"https:\/\/mortystv.com\/blog\/2023\/06\/15\/season-3-of-ragnarok-is-coming-to-netflix-on-august-24\/","og_locale":"en_US","og_type":"article","og_title":"Season 3 of \"Ragnarok\" Is Coming to Netflix on August 24","og_description":"&nbsp; Today, Netflix reveals the premiere date and shares a first look at the third and final season of Ragnarok. The coming-of-age series with a twist of Norse mythology will launch globally on Netflix on August 24, 2023. Everything has led to this. As an epic final battle of gods against giants draws near, Magne&#8217;s [&hellip;]","og_url":"https:\/\/mortystv.com\/blog\/2023\/06\/15\/season-3-of-ragnarok-is-coming-to-netflix-on-august-24\/","og_site_name":"Morty&#039;s TV","article_publisher":"https:\/\/www.facebook.com\/mortystv","article_author":"https:\/\/www.facebook.com\/mortystv","article_published_time":"2023-06-15T19:14:02+00:00","og_image":[{"width":480,"height":320,"url":"https:\/\/mortystv.com\/blog\/wp-content\/uploads\/2023\/06\/Ragnarok-20230615f.jpg","type":"image\/jpeg"}],"author":"morty","twitter_card":"summary_large_image","twitter_creator":"@http:\/\/twitter.com\/#!\/mortystv","twitter_site":"@mortystv","twitter_misc":{"Written by":"morty","Est. reading time":"2 minutes"},"schema":{"@context":"https:\/\/schema.org","@graph":[{"@type":"Article","@id":"https:\/\/mortystv.com\/blog\/2023\/06\/15\/season-3-of-ragnarok-is-coming-to-netflix-on-august-24\/#article","isPartOf":{"@id":"https:\/\/mortystv.com\/blog\/2023\/06\/15\/season-3-of-ragnarok-is-coming-to-netflix-on-august-24\/"},"author":{"name":"morty","@id":"https:\/\/mortystv.com\/blog\/#\/schema\/person\/ec63b069cf8528fdbe3b63a882c84e55"},"headline":"Season 3 of &#8220;Ragnarok&#8221; Is Coming to Netflix on August 24","datePublished":"2023-06-15T19:14:02+00:00","mainEntityOfPage":{"@id":"https:\/\/mortystv.com\/blog\/2023\/06\/15\/season-3-of-ragnarok-is-coming-to-netflix-on-august-24\/"},"wordCount":327,"commentCount":0,"publisher":{"@id":"https:\/\/mortystv.com\/blog\/#organization"},"image":{"@id":"https:\/\/mortystv.com\/blog\/2023\/06\/15\/season-3-of-ragnarok-is-coming-to-netflix-on-august-24\/#primaryimage"},"thumbnailUrl":"https:\/\/mortystv.com\/blog\/wp-content\/uploads\/2023\/06\/Ragnarok-20230615f.jpg","keywords":["drama","fantasy","mystery","ragnarok","sci-fi"],"articleSection":["TV News"],"inLanguage":"en-US","potentialAction":[{"@type":"CommentAction","name":"Comment","target":["https:\/\/mortystv.com\/blog\/2023\/06\/15\/season-3-of-ragnarok-is-coming-to-netflix-on-august-24\/#respond"]}]},{"@type":"WebPage","@id":"https:\/\/mortystv.com\/blog\/2023\/06\/15\/season-3-of-ragnarok-is-coming-to-netflix-on-august-24\/","url":"https:\/\/mortystv.com\/blog\/2023\/06\/15\/season-3-of-ragnarok-is-coming-to-netflix-on-august-24\/","name":"Season 3 of \"Ragnarok\" Is Coming to Netflix on August 24 - Morty&#039;s TV","isPartOf":{"@id":"https:\/\/mortystv.com\/blog\/#website"},"primaryImageOfPage":{"@id":"https:\/\/mortystv.com\/blog\/2023\/06\/15\/season-3-of-ragnarok-is-coming-to-netflix-on-august-24\/#primaryimage"},"image":{"@id":"https:\/\/mortystv.com\/blog\/2023\/06\/15\/season-3-of-ragnarok-is-coming-to-netflix-on-august-24\/#primaryimage"},"thumbnailUrl":"https:\/\/mortystv.com\/blog\/wp-content\/uploads\/2023\/06\/Ragnarok-20230615f.jpg","datePublished":"2023-06-15T19:14:02+00:00","breadcrumb":{"@id":"https:\/\/mortystv.com\/blog\/2023\/06\/15\/season-3-of-ragnarok-is-coming-to-netflix-on-august-24\/#breadcrumb"},"inLanguage":"en-US","potentialAction":[{"@type":"ReadAction","target":["https:\/\/mortystv.com\/blog\/2023\/06\/15\/season-3-of-ragnarok-is-coming-to-netflix-on-august-24\/"]}]},{"@type":"ImageObject","inLanguage":"en-US","@id":"https:\/\/mortystv.com\/blog\/2023\/06\/15\/season-3-of-ragnarok-is-coming-to-netflix-on-august-24\/#primaryimage","url":"https:\/\/mortystv.com\/blog\/wp-content\/uploads\/2023\/06\/Ragnarok-20230615f.jpg","contentUrl":"https:\/\/mortystv.com\/blog\/wp-content\/uploads\/2023\/06\/Ragnarok-20230615f.jpg","width":480,"height":320,"caption":"Ragnarok. (L to R) Synn\u00f8ve Macody Lund as Ran, Herman T\u00f8mmeraas and Theresa Frostad Eggesb\u00f8 as Saxa in Ragnarok. Cr. Courtesy of Netflix \u00a9 2023"},{"@type":"BreadcrumbList","@id":"https:\/\/mortystv.com\/blog\/2023\/06\/15\/season-3-of-ragnarok-is-coming-to-netflix-on-august-24\/#breadcrumb","itemListElement":[{"@type":"ListItem","position":1,"name":"Home","item":"https:\/\/mortystv.com\/blog\/"},{"@type":"ListItem","position":2,"name":"Season 3 of &#8220;Ragnarok&#8221; Is Coming to Netflix on August 24"}]},{"@type":"WebSite","@id":"https:\/\/mortystv.com\/blog\/#website","url":"https:\/\/mortystv.com\/blog\/","name":"Morty's TV","description":"TV  News, Big Brother Fan Pages with Daily Updates, and Obits","publisher":{"@id":"https:\/\/mortystv.com\/blog\/#organization"},"potentialAction":[{"@type":"SearchAction","target":{"@type":"EntryPoint","urlTemplate":"https:\/\/mortystv.com\/blog\/?s={search_term_string}"},"query-input":{"@type":"PropertyValueSpecification","valueRequired":true,"valueName":"search_term_string"}}],"inLanguage":"en-US"},{"@type":"Organization","@id":"https:\/\/mortystv.com\/blog\/#organization","name":"Morty's TV","url":"https:\/\/mortystv.com\/blog\/","logo":{"@type":"ImageObject","inLanguage":"en-US","@id":"https:\/\/mortystv.com\/blog\/#\/schema\/logo\/image\/","url":"https:\/\/mortystv.com\/blog\/wp-content\/uploads\/2020\/09\/seo-logo.jpg","contentUrl":"https:\/\/mortystv.com\/blog\/wp-content\/uploads\/2020\/09\/seo-logo.jpg","width":1226,"height":375,"caption":"Morty's TV"},"image":{"@id":"https:\/\/mortystv.com\/blog\/#\/schema\/logo\/image\/"},"sameAs":["https:\/\/www.facebook.com\/mortystv","https:\/\/x.com\/mortystv","https:\/\/www.instagram.com\/mortystv\/","https:\/\/mortystv.bsky.social\/"]},{"@type":"Person","@id":"https:\/\/mortystv.com\/blog\/#\/schema\/person\/ec63b069cf8528fdbe3b63a882c84e55","name":"morty","image":{"@type":"ImageObject","inLanguage":"en-US","@id":"https:\/\/mortystv.com\/blog\/#\/schema\/person\/image\/","url":"https:\/\/secure.gravatar.com\/avatar\/f8d193cd52b136c105466b1a6e275471a201e3f2ef36511576a5b559448768be?s=96&d=mm&r=g","contentUrl":"https:\/\/secure.gravatar.com\/avatar\/f8d193cd52b136c105466b1a6e275471a201e3f2ef36511576a5b559448768be?s=96&d=mm&r=g","caption":"morty"},"description":"TV historian and Big Brother fan. Former contributor to The Philadelphia Inquirer TV section.","sameAs":["http:\/\/mortystv.com","https:\/\/www.facebook.com\/mortystv","https:\/\/x.com\/http:\/\/twitter.com\/#!\/mortystv"],"url":"https:\/\/mortystv.com\/blog\/author\/morty\/"}]}},"jetpack_publicize_connections":[],"jetpack_featured_media_url":"https:\/\/mortystv.com\/blog\/wp-content\/uploads\/2023\/06\/Ragnarok-20230615f.jpg","jetpack_sharing_enabled":true,"jetpack-related-posts":[{"id":20679,"url":"https:\/\/mortystv.com\/blog\/2021\/05\/10\/official-netflix-teaser-for-the-second-season-of-ragnarok-starts-may-27th-video\/","url_meta":{"origin":55486,"position":0},"title":"Official Netflix Teaser for the Second Season of &#8220;Ragnarok&#8221; Starts May 27th [VIDEO]","author":"morty","date":"May 10, 2021","format":false,"excerpt":"What do you do when you're a 17-year-old high schooler who has just learned that you're up against an ancient and extremely powerful enemy that is holding an entire town, perhaps even an entire country, in an iron grip? Magne is searching for answers and allies, but will he find\u2026","rel":"","context":"In &quot;TV News&quot;","block_context":{"text":"TV News","link":"https:\/\/mortystv.com\/blog\/category\/tv_news\/"},"img":{"alt_text":"","src":"https:\/\/i0.wp.com\/mortystv.com\/blog\/wp-content\/uploads\/2021\/05\/Ragnarok.jpg?resize=350%2C200&ssl=1","width":350,"height":200,"srcset":"https:\/\/i0.wp.com\/mortystv.com\/blog\/wp-content\/uploads\/2021\/05\/Ragnarok.jpg?resize=350%2C200&ssl=1 1x, https:\/\/i0.wp.com\/mortystv.com\/blog\/wp-content\/uploads\/2021\/05\/Ragnarok.jpg?resize=525%2C300&ssl=1 1.5x"},"classes":[]},{"id":21160,"url":"https:\/\/mortystv.com\/blog\/2021\/05\/18\/official-netflix-trailer-for-ragnarok-season-2-video\/","url_meta":{"origin":55486,"position":1},"title":"Official Netflix Trailer for &#8220;Ragnarok&#8221; Season 2 [VIDEO]","author":"morty","date":"May 18, 2021","format":false,"excerpt":"Season 1 was just the beginning. Now the battle begins - The Gods vs the Giants. In the second season, the conflict gets tougher, evil gets more focused, and the choices ever more desperate. In the midst of this, Magne is faced with the fundamental question: How far are you\u2026","rel":"","context":"In &quot;TV News&quot;","block_context":{"text":"TV News","link":"https:\/\/mortystv.com\/blog\/category\/tv_news\/"},"img":{"alt_text":"","src":"https:\/\/i0.wp.com\/mortystv.com\/blog\/wp-content\/uploads\/2021\/05\/Ragnarok-1.jpg?resize=350%2C200&ssl=1","width":350,"height":200,"srcset":"https:\/\/i0.wp.com\/mortystv.com\/blog\/wp-content\/uploads\/2021\/05\/Ragnarok-1.jpg?resize=350%2C200&ssl=1 1x, https:\/\/i0.wp.com\/mortystv.com\/blog\/wp-content\/uploads\/2021\/05\/Ragnarok-1.jpg?resize=525%2C300&ssl=1 1.5x"},"classes":[]},{"id":7102,"url":"https:\/\/mortystv.com\/blog\/2019\/11\/21\/the-gods-and-giants-are-coming-ragnarok-premieres-january-31-2020-video\/","url_meta":{"origin":55486,"position":2},"title":"The Gods and Giants Are Coming: &#8220;Ragnarok&#8221; Premieres January, 31 2020 [VIDEO]","author":"morty","date":"November 21, 2019","format":false,"excerpt":"Ragnarok is a coming-of-age drama building on and contributing to a new and surprising angle on Norse mythology. The series is set in the small, fictitious town of Edda, situated in the grand, breathtaking Norwegian nature. The story revolves around the inhabitants of Edda, who are perhaps not all who\u2026","rel":"","context":"In &quot;TV News&quot;","block_context":{"text":"TV News","link":"https:\/\/mortystv.com\/blog\/category\/tv_news\/"},"img":{"alt_text":"","src":"https:\/\/i0.wp.com\/mortystv.com\/blog\/wp-content\/uploads\/2019\/11\/ragnaroknetflix.jpg?resize=350%2C200&ssl=1","width":350,"height":200,"srcset":"https:\/\/i0.wp.com\/mortystv.com\/blog\/wp-content\/uploads\/2019\/11\/ragnaroknetflix.jpg?resize=350%2C200&ssl=1 1x, https:\/\/i0.wp.com\/mortystv.com\/blog\/wp-content\/uploads\/2019\/11\/ragnaroknetflix.jpg?resize=525%2C300&ssl=1 1.5x"},"classes":[]},{"id":107761,"url":"https:\/\/mortystv.com\/blog\/2025\/11\/11\/official-netflix-trailer-for-record-of-ragnarok-iii-video\/","url_meta":{"origin":55486,"position":3},"title":"Official Netflix Trailer for &#8220;Record of Ragnarok III&#8221; [VIDEO]","author":"morty","date":"November 11, 2025","format":false,"excerpt":"Season 3 of the Netflix Series \"Record of Ragnarok\" starts streaming exclusively on December 10, 2025! The 13 one-on-one battles for the survival of humanity between representatives of gods and humans from across the entire world begin yet again. Witness the fateful seventh fight to break the 3-3 tie in\u2026","rel":"","context":"In &quot;TV News&quot;","block_context":{"text":"TV News","link":"https:\/\/mortystv.com\/blog\/category\/tv_news\/"},"img":{"alt_text":"","src":"https:\/\/i0.wp.com\/mortystv.com\/blog\/wp-content\/uploads\/2025\/11\/Record-of-Ragnarok-III.webp?resize=350%2C200&ssl=1","width":350,"height":200,"srcset":"https:\/\/i0.wp.com\/mortystv.com\/blog\/wp-content\/uploads\/2025\/11\/Record-of-Ragnarok-III.webp?resize=350%2C200&ssl=1 1x, https:\/\/i0.wp.com\/mortystv.com\/blog\/wp-content\/uploads\/2025\/11\/Record-of-Ragnarok-III.webp?resize=525%2C300&ssl=1 1.5x"},"classes":[]},{"id":34908,"url":"https:\/\/mortystv.com\/blog\/2022\/03\/23\/netflix-and-legendary-television-confirm-final-season-of-pacific-rim-the-black-to-debut-tuesday-april-19\/","url_meta":{"origin":55486,"position":4},"title":"Netflix and Legendary Television Confirm Final Season of &#8220;Pacific Rim: The Black&#8221; to Debut Tuesday, April 19","author":"morty","date":"March 23, 2022","format":false,"excerpt":"In the epic series conclusion of Pacific Rim: The Black (S2), the journey is far from over. Our brave siblings Taylor and Hayley still hope to reach the safety of Sydney aboard Atlas Destroyer, the scaled-down training Jaeger left behind when Australia was evacuated. With teenage assassin Mei and the\u2026","rel":"","context":"In &quot;TV News&quot;","block_context":{"text":"TV News","link":"https:\/\/mortystv.com\/blog\/category\/tv_news\/"},"img":{"alt_text":"","src":"https:\/\/i0.wp.com\/mortystv.com\/blog\/wp-content\/uploads\/2022\/03\/Pacific-Rim20220323m.jpg?resize=350%2C200&ssl=1","width":350,"height":200},"classes":[]},{"id":104793,"url":"https:\/\/mortystv.com\/blog\/2025\/08\/23\/tom-clancys-splinter-cell-deathwatch-to-devil-may-cry-season-2-netflix-goes-big-on-adult-animation-video\/","url_meta":{"origin":55486,"position":5},"title":"&#8220;Tom Clancy&#8217;s Splinter Cell: Deathwatch&#8221; to &#8220;Devil May Cry&#8221; Season 2, Netflix Goes Big on Adult Animation! [VIDEO]","author":"morty","date":"August 23, 2025","format":false,"excerpt":"Today, Netflix debuted exciting new videos and announced news from some of its most popular and highly anticipated anime and adult animation series, including: Tom Clancy's Splinter Cell: Deathwatch - The official teaser, launch date of October 14, and casting of Kirby Howell-Baptiste as the voice of agent Zinnia McKenna\u2026","rel":"","context":"In &quot;TV News&quot;","block_context":{"text":"TV News","link":"https:\/\/mortystv.com\/blog\/category\/tv_news\/"},"img":{"alt_text":"","src":"https:\/\/i0.wp.com\/mortystv.com\/blog\/wp-content\/uploads\/2025\/08\/netflix-anime.webp?resize=350%2C200&ssl=1","width":350,"height":200,"srcset":"https:\/\/i0.wp.com\/mortystv.com\/blog\/wp-content\/uploads\/2025\/08\/netflix-anime.webp?resize=350%2C200&ssl=1 1x, https:\/\/i0.wp.com\/mortystv.com\/blog\/wp-content\/uploads\/2025\/08\/netflix-anime.webp?resize=525%2C300&ssl=1 1.5x"},"classes":[]}],"jetpack_likes_enabled":true,"_links":{"self":[{"href":"https:\/\/mortystv.com\/blog\/wp-json\/wp\/v2\/posts\/55486","targetHints":{"allow":["GET"]}}],"collection":[{"href":"https:\/\/mortystv.com\/blog\/wp-json\/wp\/v2\/posts"}],"about":[{"href":"https:\/\/mortystv.com\/blog\/wp-json\/wp\/v2\/types\/post"}],"author":[{"embeddable":true,"href":"https:\/\/mortystv.com\/blog\/wp-json\/wp\/v2\/users\/1"}],"replies":[{"embeddable":true,"href":"https:\/\/mortystv.com\/blog\/wp-json\/wp\/v2\/comments?post=55486"}],"version-history":[{"count":0,"href":"https:\/\/mortystv.com\/blog\/wp-json\/wp\/v2\/posts\/55486\/revisions"}],"wp:featuredmedia":[{"embeddable":true,"href":"https:\/\/mortystv.com\/blog\/wp-json\/wp\/v2\/media\/55490"}],"wp:attachment":[{"href":"https:\/\/mortystv.com\/blog\/wp-json\/wp\/v2\/media?parent=55486"}],"wp:term":[{"taxonomy":"category","embeddable":true,"href":"https:\/\/mortystv.com\/blog\/wp-json\/wp\/v2\/categories?post=55486"},{"taxonomy":"post_tag","embeddable":true,"href":"https:\/\/mortystv.com\/blog\/wp-json\/wp\/v2\/tags?post=55486"}],"curies":[{"name":"wp","href":"https:\/\/api.w.org\/{rel}","templated":true}]}}