{"id":55323,"date":"2023-06-12T15:17:55","date_gmt":"2023-06-12T19:17:55","guid":{"rendered":"https:\/\/mortystv.com\/blog\/?p=55323"},"modified":"2023-06-12T15:17:55","modified_gmt":"2023-06-12T19:17:55","slug":"apple-tv-lands-new-french-drama-careme-featuring-the-thrilling-story-of-the-worlds-first-celebrity-chef-antonin-careme","status":"publish","type":"post","link":"https:\/\/mortystv.com\/blog\/2023\/06\/12\/apple-tv-lands-new-french-drama-careme-featuring-the-thrilling-story-of-the-worlds-first-celebrity-chef-antonin-careme\/","title":{"rendered":"Apple TV+ Lands New French Drama &#8220;Careme,&#8221; Featuring the Thrilling Story of the World&#8217;s First Celebrity Chef, Antonin Careme"},"content":{"rendered":"<p><img fetchpriority=\"high\" decoding=\"async\" class=\"aligncenter size-full wp-image-55324\" src=\"https:\/\/mortystv.com\/blog\/wp-content\/uploads\/2023\/06\/Antonin-Careme.webp\" alt=\"\" width=\"666\" height=\"375\" srcset=\"https:\/\/mortystv.com\/blog\/wp-content\/uploads\/2023\/06\/Antonin-Careme.webp 666w, https:\/\/mortystv.com\/blog\/wp-content\/uploads\/2023\/06\/Antonin-Careme-300x169.webp 300w\" sizes=\"(max-width: 666px) 100vw, 666px\" \/><\/p>\n<p>Today, Apple TV+ announced new eight-episode French drama, &#8220;<strong><em>Care\u0302me<\/em><\/strong>,&#8221; featuring the thrilling story of the world&#8217;s first celebrity chef, Antonin Care\u0302me, who rose from humble beginnings in Paris to the height of culinary stardom in Napoleon&#8217;s Europe. While he dreams only of becoming the most famous chef in the world, his talent and ambitions attract the attention of renowned and powerful politicians, who use him as a spy for France. C\u00e9sar Award winner Benjamin Voisin (<em>&#8220;Lost Illusions,&#8221; &#8220;Summer of 85&#8221;<\/em>) stars as Care\u0302me, C\u00e9sar Award nominee J\u00e9r\u00e9mie Renier (<em>&#8220;My Way,&#8221; &#8220;Saint Laurent&#8221;<\/em>) plays political genius Charles-Maurice de Talleyrand-P\u00e9rigord and C\u00e9sar Award winner Lyna Khoudri (<em>&#8220;Papicha,&#8221; &#8220;November&#8217;<\/em>) stars as Henriette, Car\u00eame&#8217;s lover and most dangerous threat.<\/p>\n<p>Antonin Care\u0302me is an orphan blessed with god-like culinary talent, who dreams of only one thing: to become the most famous chef in the world and to give letters of nobility to a new art, the &#8220;Gastronomy.&#8221; Care\u0302me&#8217;s ambition attracts the attention of the most Machiavellian man of his time, Charles-Maurice de Talleyrand-P\u00e9rigord, who has elevated French politics to a fine art. Talleyrand ensnares Care\u0302me, who could become a great chef&#8230;but must first become a spy for France. Based on a true story, <em>&#8220;Care\u0302me&#8221;<\/em> takes us through the harsh, miserable reality of 19th century kitchens juxtaposed with the magnificent opulence of the mansions and sophisticated aristocrats they serve, where manipulation is king. Determined to escape poverty and fulfill his dream, Care\u0302me can choose revenge or he can have it all &#8211; women, wealth, fame &#8211; but at what cost? His love? His soul? His life?<\/p><div id=\"morty-3793544494\" class=\"morty-content\"><script async src=\"\/\/pagead2.googlesyndication.com\/pagead\/js\/adsbygoogle.js?client=ca-pub-4937602850188786\" crossorigin=\"anonymous\"><\/script><ins class=\"adsbygoogle\" style=\"display:block; text-align:center;\" data-ad-client=\"ca-pub-4937602850188786\" \ndata-ad-slot=\"5227734695\" \ndata-ad-layout=\"in-article\"\ndata-ad-format=\"fluid\" data-full-width-responsive=\"true\"><\/ins>\n<script> \n(adsbygoogle = window.adsbygoogle || []).push({}); \n<\/script>\n<\/div>\n<p>The series is inspired by the book &#8220;<a href=\"https:\/\/amzn.to\/45Riwke\">Cooking for Kings: The Life of Antonin Care\u0302me &#8211; The First Celebrity Chef<\/a>,&#8221; by multi-award-winning historian and actor Ian Kelly (<em>&#8220;The King&#8217;s Man&#8221;<\/em>). Created by Kelly and lead writer Davide Serino (<em>&#8220;The Bad Guy,&#8221; &#8220;M. Son of the Century,&#8221; &#8220;Esterno Notte&#8221;<\/em>), acclaimed filmmaker Martin Bourboulon (<em>&#8220;Les Trois Mousquetaires: D&#8217;Artagnan,&#8221; &#8220;Eiffel&#8221;<\/em>) serves as lead director. &#8220;Care\u0302me&#8221; is executive produced by Vanessa van Zuylen with VVZ Production and Dominique Farrugia with Banijay&#8217;s Shine Fiction for Apple TV+.<\/p>\n<p>The series is the latest in French programming from Apple TV+, that includes <em>&#8220;Liaison,&#8221;<\/em> a high-stakes, contemporary thriller exploring how the mistakes of our past have the potential to destroy our future, starring C\u00e9sar Award winner Vincent Cassel and BAFTA Award winner Eva Green, and multilingual French-Japanese drama <em>&#8220;Drops of God,&#8221;<\/em> inspired by the bestselling manga from award-winning Tadashi Agi and Shu Okimoto, starring Fleur Geffrier and Tomohisa Yamashita.<\/p>\n","protected":false},"excerpt":{"rendered":"<p>Today, Apple TV+ announced new eight-episode French drama, &#8220;Care\u0302me,&#8221; featuring the thrilling story of the world&#8217;s first celebrity chef, Antonin Care\u0302me, who rose from humble beginnings in Paris to the height of culinary stardom in Napoleon&#8217;s Europe. While he dreams only of becoming the most famous chef in the world, his talent and ambitions attract [&hellip;]<\/p>\n","protected":false},"author":1,"featured_media":55324,"comment_status":"open","ping_status":"open","sticky":false,"template":"","format":"standard","meta":{"_acf_changed":false,"jetpack_post_was_ever_published":false,"jnews-multi-image_gallery":[],"jnews_single_post":{"source_name":"","source_url":"","via_name":"","via_url":"","override_template":"0","override":[{"template":"1","single_blog_custom":"","parallax":"1","fullscreen":"1","layout":"right-sidebar","sidebar":"default-sidebar","second_sidebar":"default-sidebar","sticky_sidebar":"1","share_position":"top","share_float_style":"share-monocrhome","show_share_counter":"1","show_view_counter":"0","show_featured":"1","show_post_meta":"1","show_post_author":"1","show_post_author_image":"0","show_post_date":"1","post_date_format":"default","post_date_format_custom":"Y\/m\/d","show_post_category":"1","show_post_reading_time":"0","post_reading_time_wpm":"300","show_zoom_button":"0","zoom_button_out_step":"2","zoom_button_in_step":"3","show_post_tag":"0","show_prev_next_post":"1","show_popup_post":"1","number_popup_post":"1","show_author_box":"0","show_post_related":"1","show_inline_post_related":"0"}],"override_image_size":"0","image_override":[{"single_post_thumbnail_size":"crop-500","single_post_gallery_size":"crop-500"}],"trending_post":"0","trending_post_position":"meta","trending_post_label":"Trending","sponsored_post":"0","sponsored_post_label":"Sponsored by","sponsored_post_name":"","sponsored_post_url":"","sponsored_post_logo_enable":"0","sponsored_post_logo":"","sponsored_post_desc":"","disable_ad":"0"},"jnews_primary_category":{"id":"","hide":""},"footnotes":"","jetpack_publicize_message":"","jetpack_publicize_feature_enabled":true,"jetpack_social_post_already_shared":true,"jetpack_social_options":{"image_generator_settings":{"template":"highway","default_image_id":0,"font":"","enabled":false},"version":2},"_wpas_customize_per_network":false},"categories":[1],"tags":[6870],"class_list":["post-55323","post","type-post","status-publish","format-standard","has-post-thumbnail","hentry","category-tv_news","tag-the-life-of-antonin-careme"],"acf":[],"yoast_head":"<!-- This site is optimized with the Yoast SEO Premium plugin v27.1 (Yoast SEO v27.1.1) - https:\/\/yoast.com\/product\/yoast-seo-premium-wordpress\/ -->\n<title>Apple TV+ Lands New French Drama &quot;Careme,&quot; Featuring the Thrilling Story of the World&#039;s First Celebrity Chef, Antonin Careme - Morty&#039;s TV<\/title>\n<meta name=\"robots\" content=\"index, follow, max-snippet:-1, max-image-preview:large, max-video-preview:-1\" \/>\n<link rel=\"canonical\" href=\"https:\/\/mortystv.com\/blog\/2023\/06\/12\/apple-tv-lands-new-french-drama-careme-featuring-the-thrilling-story-of-the-worlds-first-celebrity-chef-antonin-careme\/\" \/>\n<meta property=\"og:locale\" content=\"en_US\" \/>\n<meta property=\"og:type\" content=\"article\" \/>\n<meta property=\"og:title\" content=\"Apple TV+ Lands New French Drama &quot;Careme,&quot; Featuring the Thrilling Story of the World&#039;s First Celebrity Chef, Antonin Careme\" \/>\n<meta property=\"og:description\" content=\"Today, Apple TV+ announced new eight-episode French drama, &#8220;Care\u0302me,&#8221; featuring the thrilling story of the world&#8217;s first celebrity chef, Antonin Care\u0302me, who rose from humble beginnings in Paris to the height of culinary stardom in Napoleon&#8217;s Europe. While he dreams only of becoming the most famous chef in the world, his talent and ambitions attract [&hellip;]\" \/>\n<meta property=\"og:url\" content=\"https:\/\/mortystv.com\/blog\/2023\/06\/12\/apple-tv-lands-new-french-drama-careme-featuring-the-thrilling-story-of-the-worlds-first-celebrity-chef-antonin-careme\/\" \/>\n<meta property=\"og:site_name\" content=\"Morty&#039;s TV\" \/>\n<meta property=\"article:publisher\" content=\"https:\/\/www.facebook.com\/mortystv\" \/>\n<meta property=\"article:author\" content=\"https:\/\/www.facebook.com\/mortystv\" \/>\n<meta property=\"article:published_time\" content=\"2023-06-12T19:17:55+00:00\" \/>\n<meta property=\"og:image\" content=\"https:\/\/mortystv.com\/blog\/wp-content\/uploads\/2023\/06\/Antonin-Careme.webp\" \/>\n\t<meta property=\"og:image:width\" content=\"666\" \/>\n\t<meta property=\"og:image:height\" content=\"375\" \/>\n\t<meta property=\"og:image:type\" content=\"image\/webp\" \/>\n<meta name=\"author\" content=\"morty\" \/>\n<meta name=\"twitter:card\" content=\"summary_large_image\" \/>\n<meta name=\"twitter:creator\" content=\"@http:\/\/twitter.com\/#!\/mortystv\" \/>\n<meta name=\"twitter:site\" content=\"@mortystv\" \/>\n<meta name=\"twitter:label1\" content=\"Written by\" \/>\n\t<meta name=\"twitter:data1\" content=\"morty\" \/>\n\t<meta name=\"twitter:label2\" content=\"Est. reading time\" \/>\n\t<meta name=\"twitter:data2\" content=\"2 minutes\" \/>\n<script type=\"application\/ld+json\" class=\"yoast-schema-graph\">{\"@context\":\"https:\/\/schema.org\",\"@graph\":[{\"@type\":\"Article\",\"@id\":\"https:\/\/mortystv.com\/blog\/2023\/06\/12\/apple-tv-lands-new-french-drama-careme-featuring-the-thrilling-story-of-the-worlds-first-celebrity-chef-antonin-careme\/#article\",\"isPartOf\":{\"@id\":\"https:\/\/mortystv.com\/blog\/2023\/06\/12\/apple-tv-lands-new-french-drama-careme-featuring-the-thrilling-story-of-the-worlds-first-celebrity-chef-antonin-careme\/\"},\"author\":{\"name\":\"morty\",\"@id\":\"https:\/\/mortystv.com\/blog\/#\/schema\/person\/ec63b069cf8528fdbe3b63a882c84e55\"},\"headline\":\"Apple TV+ Lands New French Drama &#8220;Careme,&#8221; Featuring the Thrilling Story of the World&#8217;s First Celebrity Chef, Antonin Careme\",\"datePublished\":\"2023-06-12T19:17:55+00:00\",\"mainEntityOfPage\":{\"@id\":\"https:\/\/mortystv.com\/blog\/2023\/06\/12\/apple-tv-lands-new-french-drama-careme-featuring-the-thrilling-story-of-the-worlds-first-celebrity-chef-antonin-careme\/\"},\"wordCount\":457,\"commentCount\":0,\"publisher\":{\"@id\":\"https:\/\/mortystv.com\/blog\/#organization\"},\"image\":{\"@id\":\"https:\/\/mortystv.com\/blog\/2023\/06\/12\/apple-tv-lands-new-french-drama-careme-featuring-the-thrilling-story-of-the-worlds-first-celebrity-chef-antonin-careme\/#primaryimage\"},\"thumbnailUrl\":\"https:\/\/mortystv.com\/blog\/wp-content\/uploads\/2023\/06\/Antonin-Careme.webp\",\"keywords\":[\"The Life of Antonin Careme\"],\"articleSection\":[\"TV News\"],\"inLanguage\":\"en-US\",\"potentialAction\":[{\"@type\":\"CommentAction\",\"name\":\"Comment\",\"target\":[\"https:\/\/mortystv.com\/blog\/2023\/06\/12\/apple-tv-lands-new-french-drama-careme-featuring-the-thrilling-story-of-the-worlds-first-celebrity-chef-antonin-careme\/#respond\"]}]},{\"@type\":\"WebPage\",\"@id\":\"https:\/\/mortystv.com\/blog\/2023\/06\/12\/apple-tv-lands-new-french-drama-careme-featuring-the-thrilling-story-of-the-worlds-first-celebrity-chef-antonin-careme\/\",\"url\":\"https:\/\/mortystv.com\/blog\/2023\/06\/12\/apple-tv-lands-new-french-drama-careme-featuring-the-thrilling-story-of-the-worlds-first-celebrity-chef-antonin-careme\/\",\"name\":\"Apple TV+ Lands New French Drama \\\"Careme,\\\" Featuring the Thrilling Story of the World's First Celebrity Chef, Antonin Careme - Morty&#039;s TV\",\"isPartOf\":{\"@id\":\"https:\/\/mortystv.com\/blog\/#website\"},\"primaryImageOfPage\":{\"@id\":\"https:\/\/mortystv.com\/blog\/2023\/06\/12\/apple-tv-lands-new-french-drama-careme-featuring-the-thrilling-story-of-the-worlds-first-celebrity-chef-antonin-careme\/#primaryimage\"},\"image\":{\"@id\":\"https:\/\/mortystv.com\/blog\/2023\/06\/12\/apple-tv-lands-new-french-drama-careme-featuring-the-thrilling-story-of-the-worlds-first-celebrity-chef-antonin-careme\/#primaryimage\"},\"thumbnailUrl\":\"https:\/\/mortystv.com\/blog\/wp-content\/uploads\/2023\/06\/Antonin-Careme.webp\",\"datePublished\":\"2023-06-12T19:17:55+00:00\",\"breadcrumb\":{\"@id\":\"https:\/\/mortystv.com\/blog\/2023\/06\/12\/apple-tv-lands-new-french-drama-careme-featuring-the-thrilling-story-of-the-worlds-first-celebrity-chef-antonin-careme\/#breadcrumb\"},\"inLanguage\":\"en-US\",\"potentialAction\":[{\"@type\":\"ReadAction\",\"target\":[\"https:\/\/mortystv.com\/blog\/2023\/06\/12\/apple-tv-lands-new-french-drama-careme-featuring-the-thrilling-story-of-the-worlds-first-celebrity-chef-antonin-careme\/\"]}]},{\"@type\":\"ImageObject\",\"inLanguage\":\"en-US\",\"@id\":\"https:\/\/mortystv.com\/blog\/2023\/06\/12\/apple-tv-lands-new-french-drama-careme-featuring-the-thrilling-story-of-the-worlds-first-celebrity-chef-antonin-careme\/#primaryimage\",\"url\":\"https:\/\/mortystv.com\/blog\/wp-content\/uploads\/2023\/06\/Antonin-Careme.webp\",\"contentUrl\":\"https:\/\/mortystv.com\/blog\/wp-content\/uploads\/2023\/06\/Antonin-Careme.webp\",\"width\":666,\"height\":375},{\"@type\":\"BreadcrumbList\",\"@id\":\"https:\/\/mortystv.com\/blog\/2023\/06\/12\/apple-tv-lands-new-french-drama-careme-featuring-the-thrilling-story-of-the-worlds-first-celebrity-chef-antonin-careme\/#breadcrumb\",\"itemListElement\":[{\"@type\":\"ListItem\",\"position\":1,\"name\":\"Home\",\"item\":\"https:\/\/mortystv.com\/blog\/\"},{\"@type\":\"ListItem\",\"position\":2,\"name\":\"Apple TV+ Lands New French Drama &#8220;Careme,&#8221; Featuring the Thrilling Story of the World&#8217;s First Celebrity Chef, Antonin Careme\"}]},{\"@type\":\"WebSite\",\"@id\":\"https:\/\/mortystv.com\/blog\/#website\",\"url\":\"https:\/\/mortystv.com\/blog\/\",\"name\":\"Morty's TV\",\"description\":\"TV  News, Big Brother Fan Pages with Daily Updates, and Obits\",\"publisher\":{\"@id\":\"https:\/\/mortystv.com\/blog\/#organization\"},\"potentialAction\":[{\"@type\":\"SearchAction\",\"target\":{\"@type\":\"EntryPoint\",\"urlTemplate\":\"https:\/\/mortystv.com\/blog\/?s={search_term_string}\"},\"query-input\":{\"@type\":\"PropertyValueSpecification\",\"valueRequired\":true,\"valueName\":\"search_term_string\"}}],\"inLanguage\":\"en-US\"},{\"@type\":\"Organization\",\"@id\":\"https:\/\/mortystv.com\/blog\/#organization\",\"name\":\"Morty's TV\",\"url\":\"https:\/\/mortystv.com\/blog\/\",\"logo\":{\"@type\":\"ImageObject\",\"inLanguage\":\"en-US\",\"@id\":\"https:\/\/mortystv.com\/blog\/#\/schema\/logo\/image\/\",\"url\":\"https:\/\/mortystv.com\/blog\/wp-content\/uploads\/2020\/09\/seo-logo.jpg\",\"contentUrl\":\"https:\/\/mortystv.com\/blog\/wp-content\/uploads\/2020\/09\/seo-logo.jpg\",\"width\":1226,\"height\":375,\"caption\":\"Morty's TV\"},\"image\":{\"@id\":\"https:\/\/mortystv.com\/blog\/#\/schema\/logo\/image\/\"},\"sameAs\":[\"https:\/\/www.facebook.com\/mortystv\",\"https:\/\/x.com\/mortystv\",\"https:\/\/www.instagram.com\/mortystv\/\",\"https:\/\/mortystv.bsky.social\/\"]},{\"@type\":\"Person\",\"@id\":\"https:\/\/mortystv.com\/blog\/#\/schema\/person\/ec63b069cf8528fdbe3b63a882c84e55\",\"name\":\"morty\",\"image\":{\"@type\":\"ImageObject\",\"inLanguage\":\"en-US\",\"@id\":\"https:\/\/mortystv.com\/blog\/#\/schema\/person\/image\/\",\"url\":\"https:\/\/secure.gravatar.com\/avatar\/f8d193cd52b136c105466b1a6e275471a201e3f2ef36511576a5b559448768be?s=96&d=mm&r=g\",\"contentUrl\":\"https:\/\/secure.gravatar.com\/avatar\/f8d193cd52b136c105466b1a6e275471a201e3f2ef36511576a5b559448768be?s=96&d=mm&r=g\",\"caption\":\"morty\"},\"description\":\"TV historian and Big Brother fan. Former contributor to The Philadelphia Inquirer TV section.\",\"sameAs\":[\"http:\/\/mortystv.com\",\"https:\/\/www.facebook.com\/mortystv\",\"https:\/\/x.com\/http:\/\/twitter.com\/#!\/mortystv\"],\"url\":\"https:\/\/mortystv.com\/blog\/author\/morty\/\"}]}<\/script>\n<!-- \/ Yoast SEO Premium plugin. -->","yoast_head_json":{"title":"Apple TV+ Lands New French Drama \"Careme,\" Featuring the Thrilling Story of the World's First Celebrity Chef, Antonin Careme - Morty&#039;s TV","robots":{"index":"index","follow":"follow","max-snippet":"max-snippet:-1","max-image-preview":"max-image-preview:large","max-video-preview":"max-video-preview:-1"},"canonical":"https:\/\/mortystv.com\/blog\/2023\/06\/12\/apple-tv-lands-new-french-drama-careme-featuring-the-thrilling-story-of-the-worlds-first-celebrity-chef-antonin-careme\/","og_locale":"en_US","og_type":"article","og_title":"Apple TV+ Lands New French Drama \"Careme,\" Featuring the Thrilling Story of the World's First Celebrity Chef, Antonin Careme","og_description":"Today, Apple TV+ announced new eight-episode French drama, &#8220;Care\u0302me,&#8221; featuring the thrilling story of the world&#8217;s first celebrity chef, Antonin Care\u0302me, who rose from humble beginnings in Paris to the height of culinary stardom in Napoleon&#8217;s Europe. While he dreams only of becoming the most famous chef in the world, his talent and ambitions attract [&hellip;]","og_url":"https:\/\/mortystv.com\/blog\/2023\/06\/12\/apple-tv-lands-new-french-drama-careme-featuring-the-thrilling-story-of-the-worlds-first-celebrity-chef-antonin-careme\/","og_site_name":"Morty&#039;s TV","article_publisher":"https:\/\/www.facebook.com\/mortystv","article_author":"https:\/\/www.facebook.com\/mortystv","article_published_time":"2023-06-12T19:17:55+00:00","og_image":[{"width":666,"height":375,"url":"https:\/\/mortystv.com\/blog\/wp-content\/uploads\/2023\/06\/Antonin-Careme.webp","type":"image\/webp"}],"author":"morty","twitter_card":"summary_large_image","twitter_creator":"@http:\/\/twitter.com\/#!\/mortystv","twitter_site":"@mortystv","twitter_misc":{"Written by":"morty","Est. reading time":"2 minutes"},"schema":{"@context":"https:\/\/schema.org","@graph":[{"@type":"Article","@id":"https:\/\/mortystv.com\/blog\/2023\/06\/12\/apple-tv-lands-new-french-drama-careme-featuring-the-thrilling-story-of-the-worlds-first-celebrity-chef-antonin-careme\/#article","isPartOf":{"@id":"https:\/\/mortystv.com\/blog\/2023\/06\/12\/apple-tv-lands-new-french-drama-careme-featuring-the-thrilling-story-of-the-worlds-first-celebrity-chef-antonin-careme\/"},"author":{"name":"morty","@id":"https:\/\/mortystv.com\/blog\/#\/schema\/person\/ec63b069cf8528fdbe3b63a882c84e55"},"headline":"Apple TV+ Lands New French Drama &#8220;Careme,&#8221; Featuring the Thrilling Story of the World&#8217;s First Celebrity Chef, Antonin Careme","datePublished":"2023-06-12T19:17:55+00:00","mainEntityOfPage":{"@id":"https:\/\/mortystv.com\/blog\/2023\/06\/12\/apple-tv-lands-new-french-drama-careme-featuring-the-thrilling-story-of-the-worlds-first-celebrity-chef-antonin-careme\/"},"wordCount":457,"commentCount":0,"publisher":{"@id":"https:\/\/mortystv.com\/blog\/#organization"},"image":{"@id":"https:\/\/mortystv.com\/blog\/2023\/06\/12\/apple-tv-lands-new-french-drama-careme-featuring-the-thrilling-story-of-the-worlds-first-celebrity-chef-antonin-careme\/#primaryimage"},"thumbnailUrl":"https:\/\/mortystv.com\/blog\/wp-content\/uploads\/2023\/06\/Antonin-Careme.webp","keywords":["The Life of Antonin Careme"],"articleSection":["TV News"],"inLanguage":"en-US","potentialAction":[{"@type":"CommentAction","name":"Comment","target":["https:\/\/mortystv.com\/blog\/2023\/06\/12\/apple-tv-lands-new-french-drama-careme-featuring-the-thrilling-story-of-the-worlds-first-celebrity-chef-antonin-careme\/#respond"]}]},{"@type":"WebPage","@id":"https:\/\/mortystv.com\/blog\/2023\/06\/12\/apple-tv-lands-new-french-drama-careme-featuring-the-thrilling-story-of-the-worlds-first-celebrity-chef-antonin-careme\/","url":"https:\/\/mortystv.com\/blog\/2023\/06\/12\/apple-tv-lands-new-french-drama-careme-featuring-the-thrilling-story-of-the-worlds-first-celebrity-chef-antonin-careme\/","name":"Apple TV+ Lands New French Drama \"Careme,\" Featuring the Thrilling Story of the World's First Celebrity Chef, Antonin Careme - Morty&#039;s TV","isPartOf":{"@id":"https:\/\/mortystv.com\/blog\/#website"},"primaryImageOfPage":{"@id":"https:\/\/mortystv.com\/blog\/2023\/06\/12\/apple-tv-lands-new-french-drama-careme-featuring-the-thrilling-story-of-the-worlds-first-celebrity-chef-antonin-careme\/#primaryimage"},"image":{"@id":"https:\/\/mortystv.com\/blog\/2023\/06\/12\/apple-tv-lands-new-french-drama-careme-featuring-the-thrilling-story-of-the-worlds-first-celebrity-chef-antonin-careme\/#primaryimage"},"thumbnailUrl":"https:\/\/mortystv.com\/blog\/wp-content\/uploads\/2023\/06\/Antonin-Careme.webp","datePublished":"2023-06-12T19:17:55+00:00","breadcrumb":{"@id":"https:\/\/mortystv.com\/blog\/2023\/06\/12\/apple-tv-lands-new-french-drama-careme-featuring-the-thrilling-story-of-the-worlds-first-celebrity-chef-antonin-careme\/#breadcrumb"},"inLanguage":"en-US","potentialAction":[{"@type":"ReadAction","target":["https:\/\/mortystv.com\/blog\/2023\/06\/12\/apple-tv-lands-new-french-drama-careme-featuring-the-thrilling-story-of-the-worlds-first-celebrity-chef-antonin-careme\/"]}]},{"@type":"ImageObject","inLanguage":"en-US","@id":"https:\/\/mortystv.com\/blog\/2023\/06\/12\/apple-tv-lands-new-french-drama-careme-featuring-the-thrilling-story-of-the-worlds-first-celebrity-chef-antonin-careme\/#primaryimage","url":"https:\/\/mortystv.com\/blog\/wp-content\/uploads\/2023\/06\/Antonin-Careme.webp","contentUrl":"https:\/\/mortystv.com\/blog\/wp-content\/uploads\/2023\/06\/Antonin-Careme.webp","width":666,"height":375},{"@type":"BreadcrumbList","@id":"https:\/\/mortystv.com\/blog\/2023\/06\/12\/apple-tv-lands-new-french-drama-careme-featuring-the-thrilling-story-of-the-worlds-first-celebrity-chef-antonin-careme\/#breadcrumb","itemListElement":[{"@type":"ListItem","position":1,"name":"Home","item":"https:\/\/mortystv.com\/blog\/"},{"@type":"ListItem","position":2,"name":"Apple TV+ Lands New French Drama &#8220;Careme,&#8221; Featuring the Thrilling Story of the World&#8217;s First Celebrity Chef, Antonin Careme"}]},{"@type":"WebSite","@id":"https:\/\/mortystv.com\/blog\/#website","url":"https:\/\/mortystv.com\/blog\/","name":"Morty's TV","description":"TV  News, Big Brother Fan Pages with Daily Updates, and Obits","publisher":{"@id":"https:\/\/mortystv.com\/blog\/#organization"},"potentialAction":[{"@type":"SearchAction","target":{"@type":"EntryPoint","urlTemplate":"https:\/\/mortystv.com\/blog\/?s={search_term_string}"},"query-input":{"@type":"PropertyValueSpecification","valueRequired":true,"valueName":"search_term_string"}}],"inLanguage":"en-US"},{"@type":"Organization","@id":"https:\/\/mortystv.com\/blog\/#organization","name":"Morty's TV","url":"https:\/\/mortystv.com\/blog\/","logo":{"@type":"ImageObject","inLanguage":"en-US","@id":"https:\/\/mortystv.com\/blog\/#\/schema\/logo\/image\/","url":"https:\/\/mortystv.com\/blog\/wp-content\/uploads\/2020\/09\/seo-logo.jpg","contentUrl":"https:\/\/mortystv.com\/blog\/wp-content\/uploads\/2020\/09\/seo-logo.jpg","width":1226,"height":375,"caption":"Morty's TV"},"image":{"@id":"https:\/\/mortystv.com\/blog\/#\/schema\/logo\/image\/"},"sameAs":["https:\/\/www.facebook.com\/mortystv","https:\/\/x.com\/mortystv","https:\/\/www.instagram.com\/mortystv\/","https:\/\/mortystv.bsky.social\/"]},{"@type":"Person","@id":"https:\/\/mortystv.com\/blog\/#\/schema\/person\/ec63b069cf8528fdbe3b63a882c84e55","name":"morty","image":{"@type":"ImageObject","inLanguage":"en-US","@id":"https:\/\/mortystv.com\/blog\/#\/schema\/person\/image\/","url":"https:\/\/secure.gravatar.com\/avatar\/f8d193cd52b136c105466b1a6e275471a201e3f2ef36511576a5b559448768be?s=96&d=mm&r=g","contentUrl":"https:\/\/secure.gravatar.com\/avatar\/f8d193cd52b136c105466b1a6e275471a201e3f2ef36511576a5b559448768be?s=96&d=mm&r=g","caption":"morty"},"description":"TV historian and Big Brother fan. Former contributor to The Philadelphia Inquirer TV section.","sameAs":["http:\/\/mortystv.com","https:\/\/www.facebook.com\/mortystv","https:\/\/x.com\/http:\/\/twitter.com\/#!\/mortystv"],"url":"https:\/\/mortystv.com\/blog\/author\/morty\/"}]}},"jetpack_publicize_connections":[],"jetpack_featured_media_url":"https:\/\/mortystv.com\/blog\/wp-content\/uploads\/2023\/06\/Antonin-Careme.webp","jetpack_sharing_enabled":true,"jetpack-related-posts":[{"id":56771,"url":"https:\/\/mortystv.com\/blog\/2023\/07\/21\/apple-tv-announces-the-new-french-haute-couture-drama-la-maison-an-original-look-at-the-legendary-family-dynasty-of-an-iconic-high-fashion-house\/","url_meta":{"origin":55323,"position":0},"title":"Apple TV+ Announces the New French Haute Couture Drama &#8220;La Maison,&#8221; An Original Look at the Legendary Family Dynasty of an Iconic High Fashion House","author":"morty","date":"July 21, 2023","format":false,"excerpt":"Today Apple TV+ announces \"La Maison,\" a new 10-episode one-hour family drama set within a contemporary French iconic fashion house. \"La Maison\" is an immersive look behind the scenes of the ever-evolving world of fashion, aspirational French elegance and luxury, and the lives of its powerful families. The series stars\u2026","rel":"","context":"In &quot;TV News&quot;","block_context":{"text":"TV News","link":"https:\/\/mortystv.com\/blog\/category\/tv_news\/"},"img":{"alt_text":"","src":"https:\/\/i0.wp.com\/mortystv.com\/blog\/wp-content\/uploads\/2023\/07\/Lambert-Wilson.webp?resize=350%2C200&ssl=1","width":350,"height":200,"srcset":"https:\/\/i0.wp.com\/mortystv.com\/blog\/wp-content\/uploads\/2023\/07\/Lambert-Wilson.webp?resize=350%2C200&ssl=1 1x, https:\/\/i0.wp.com\/mortystv.com\/blog\/wp-content\/uploads\/2023\/07\/Lambert-Wilson.webp?resize=525%2C300&ssl=1 1.5x"},"classes":[]},{"id":49837,"url":"https:\/\/mortystv.com\/blog\/2023\/02\/07\/apple-tv-unveils-trailer-for-new-french-and-english-language-thriller-liaison-starring-cesar-award-winner-vincent-cassel-and-bafta-award-winner-eva-green-video\/","url_meta":{"origin":55323,"position":1},"title":"Apple TV+ Unveils Trailer for New French and English-Language Thriller &#8220;Liaison,&#8221; Starring Cesar Award Winner Vincent Cassel and BAFTA Award Winner Eva Green [VIDEO]","author":"morty","date":"February 7, 2023","format":false,"excerpt":"Apple's first French and English-language original series, \"Liaison,\" starring C\u00e9sar Award winner Vincent Cassel (\"Black Swan,\" \"Westworld\") and BAFTA Award winner Eva Green (\"Miss Peregrine's Home For Peculiar Children\"), today unveiled its first trailer. The new six-episode thriller will make its global debut with the first episode on Friday, February\u2026","rel":"","context":"In &quot;TV News&quot;","block_context":{"text":"TV News","link":"https:\/\/mortystv.com\/blog\/category\/tv_news\/"},"img":{"alt_text":"","src":"https:\/\/i0.wp.com\/mortystv.com\/blog\/wp-content\/uploads\/2023\/02\/Liaison.webp?resize=350%2C200&ssl=1","width":350,"height":200,"srcset":"https:\/\/i0.wp.com\/mortystv.com\/blog\/wp-content\/uploads\/2023\/02\/Liaison.webp?resize=350%2C200&ssl=1 1x, https:\/\/i0.wp.com\/mortystv.com\/blog\/wp-content\/uploads\/2023\/02\/Liaison.webp?resize=525%2C300&ssl=1 1.5x"},"classes":[]},{"id":47452,"url":"https:\/\/mortystv.com\/blog\/2022\/12\/19\/apple-tv-reveals-a-first-look-at-new-thriller-liaison-starring-cesar-award-winner-vincent-cassel-and-bafta-award-winner-eva-green\/","url_meta":{"origin":55323,"position":2},"title":"Apple TV+ Reveals a First Look at New Thriller &#8220;Liaison&#8221; Starring Cesar Award Winner Vincent Cassel and BAFTA Award Winner Eva Green","author":"morty","date":"December 19, 2022","format":false,"excerpt":"Apple TV+ today unveiled a first look at \"Liaison,\" a new, six-episode thriller series starring C\u00e9sar Award winner Vincent Cassel (\"Black Swan,\" \"Westworld\") and BAFTA Award winner Eva Green (\"Miss Peregrine's Home for Peculiar Children\"), and the first French and English-language Apple Original series. \"Liaison\" will make its global debut\u2026","rel":"","context":"In &quot;TV News&quot;","block_context":{"text":"TV News","link":"https:\/\/mortystv.com\/blog\/category\/tv_news\/"},"img":{"alt_text":"","src":"https:\/\/i0.wp.com\/mortystv.com\/blog\/wp-content\/uploads\/2022\/12\/Liaison-20221219.jpg?resize=350%2C200&ssl=1","width":350,"height":200},"classes":[]},{"id":33919,"url":"https:\/\/mortystv.com\/blog\/2022\/02\/28\/apple-tv-announces-new-limited-event-series-starring-multi-award-winner-michael-douglas-as-benjamin-franklin\/","url_meta":{"origin":55323,"position":3},"title":"Apple TV+ Announces New Limited Event Series Starring Multi-Award Winner Michael Douglas as Benjamin Franklin","author":"morty","date":"February 28, 2022","format":false,"excerpt":"Today Apple TV+ announced an order for a new limited event series from Emmy and WGA Award-winning writer Kirk Ellis (\"John Adams\") and Emmy and DGA Award-winning director Tim Van Patten, with Academy, Emmy, and AFI Lifetime Achievement Award-winner Michael Douglas set to star in the lead role as 'Benjamin\u2026","rel":"","context":"In &quot;TV News&quot;","block_context":{"text":"TV News","link":"https:\/\/mortystv.com\/blog\/category\/tv_news\/"},"img":{"alt_text":"","src":"https:\/\/i0.wp.com\/mortystv.com\/blog\/wp-content\/uploads\/2022\/02\/ben-franklyn.jpg?resize=350%2C200&ssl=1","width":350,"height":200,"srcset":"https:\/\/i0.wp.com\/mortystv.com\/blog\/wp-content\/uploads\/2022\/02\/ben-franklyn.jpg?resize=350%2C200&ssl=1 1x, https:\/\/i0.wp.com\/mortystv.com\/blog\/wp-content\/uploads\/2022\/02\/ben-franklyn.jpg?resize=525%2C300&ssl=1 1.5x"},"classes":[]},{"id":67743,"url":"https:\/\/mortystv.com\/blog\/2024\/03\/13\/apple-tv-debuts-trailer-for-franklin-new-limited-series-starring-and-executive-produced-by-michael-douglas-video\/","url_meta":{"origin":55323,"position":4},"title":"Apple TV+ Debuts Trailer for &#8220;Franklin,&#8221; New Limited Series Starring and Executive Produced by Michael Douglas [VIDEO]","author":"morty","date":"March 13, 2024","format":false,"excerpt":"The eight-part drama based on \"A Great Improvisation: Franklin, France, and the Birth of America,\" by Pulitzer Prize winner Stacy Schiff, premieres globally Friday, April 12 on Apple TV+ Apple TV+ today unveiled the trailer for \"Franklin,\" the upcoming, eight-part limited series starring and executive produced by Academy\u00ae, Emmy\u00ae, and\u2026","rel":"","context":"In &quot;TV News&quot;","block_context":{"text":"TV News","link":"https:\/\/mortystv.com\/blog\/category\/tv_news\/"},"img":{"alt_text":"","src":"https:\/\/i0.wp.com\/mortystv.com\/blog\/wp-content\/uploads\/2024\/03\/Frankliln.webp?resize=350%2C200&ssl=1","width":350,"height":200,"srcset":"https:\/\/i0.wp.com\/mortystv.com\/blog\/wp-content\/uploads\/2024\/03\/Frankliln.webp?resize=350%2C200&ssl=1 1x, https:\/\/i0.wp.com\/mortystv.com\/blog\/wp-content\/uploads\/2024\/03\/Frankliln.webp?resize=525%2C300&ssl=1 1.5x"},"classes":[]},{"id":105587,"url":"https:\/\/mortystv.com\/blog\/2025\/09\/19\/apple-tv-lands-the-off-weeks-new-drama-starring-and-executive-produced-by-ben-stiller-and-jessica-chastain\/","url_meta":{"origin":55323,"position":5},"title":"Apple TV+ Lands &#8220;The Off Weeks,&#8221; New Drama Starring and Executive Produced by Ben Stiller and Jessica Chastain","author":"morty","date":"September 19, 2025","format":false,"excerpt":"Apple TV+ announced that it will expand its award-winning series slate with \"The Off Weeks,\" a thrilling new eight-episode limited series starring and executive produced by Academy Award winner Jessica Chastain (upcoming \"The Savant\") and Emmy Award winner Ben Stiller (\"Severance\"), directed by Michael Showalter (\"The Idea of You,\" \"The\u2026","rel":"","context":"In &quot;TV News&quot;","block_context":{"text":"TV News","link":"https:\/\/mortystv.com\/blog\/category\/tv_news\/"},"img":{"alt_text":"","src":"https:\/\/i0.wp.com\/mortystv.com\/blog\/wp-content\/uploads\/2025\/09\/9-19-2025-0265.webp?resize=350%2C200&ssl=1","width":350,"height":200,"srcset":"https:\/\/i0.wp.com\/mortystv.com\/blog\/wp-content\/uploads\/2025\/09\/9-19-2025-0265.webp?resize=350%2C200&ssl=1 1x, https:\/\/i0.wp.com\/mortystv.com\/blog\/wp-content\/uploads\/2025\/09\/9-19-2025-0265.webp?resize=525%2C300&ssl=1 1.5x"},"classes":[]}],"jetpack_likes_enabled":true,"_links":{"self":[{"href":"https:\/\/mortystv.com\/blog\/wp-json\/wp\/v2\/posts\/55323","targetHints":{"allow":["GET"]}}],"collection":[{"href":"https:\/\/mortystv.com\/blog\/wp-json\/wp\/v2\/posts"}],"about":[{"href":"https:\/\/mortystv.com\/blog\/wp-json\/wp\/v2\/types\/post"}],"author":[{"embeddable":true,"href":"https:\/\/mortystv.com\/blog\/wp-json\/wp\/v2\/users\/1"}],"replies":[{"embeddable":true,"href":"https:\/\/mortystv.com\/blog\/wp-json\/wp\/v2\/comments?post=55323"}],"version-history":[{"count":0,"href":"https:\/\/mortystv.com\/blog\/wp-json\/wp\/v2\/posts\/55323\/revisions"}],"wp:featuredmedia":[{"embeddable":true,"href":"https:\/\/mortystv.com\/blog\/wp-json\/wp\/v2\/media\/55324"}],"wp:attachment":[{"href":"https:\/\/mortystv.com\/blog\/wp-json\/wp\/v2\/media?parent=55323"}],"wp:term":[{"taxonomy":"category","embeddable":true,"href":"https:\/\/mortystv.com\/blog\/wp-json\/wp\/v2\/categories?post=55323"},{"taxonomy":"post_tag","embeddable":true,"href":"https:\/\/mortystv.com\/blog\/wp-json\/wp\/v2\/tags?post=55323"}],"curies":[{"name":"wp","href":"https:\/\/api.w.org\/{rel}","templated":true}]}}