{"id":52985,"date":"2023-04-14T16:22:55","date_gmt":"2023-04-14T20:22:55","guid":{"rendered":"https:\/\/mortystv.com\/blog\/?p=52985"},"modified":"2023-04-14T16:22:55","modified_gmt":"2023-04-14T20:22:55","slug":"apple-original-films-and-a24-announce-critically-acclaimed-documentary-stephen-curry-underrated-will-be-released-in-select-theaters-and-premiere-globally-on-apple-tv-on-friday-july-21-2023","status":"publish","type":"post","link":"https:\/\/mortystv.com\/blog\/2023\/04\/14\/apple-original-films-and-a24-announce-critically-acclaimed-documentary-stephen-curry-underrated-will-be-released-in-select-theaters-and-premiere-globally-on-apple-tv-on-friday-july-21-2023\/","title":{"rendered":"Apple Original Films and A24 Announce Critically Acclaimed Documentary &#8220;Stephen Curry: Underrated&#8221; Will Be Released in Select Theaters and Premiere Globally on Apple TV+ on Friday, July 21, 2023"},"content":{"rendered":"<p><img fetchpriority=\"high\" decoding=\"async\" class=\"aligncenter size-full wp-image-52986\" src=\"https:\/\/mortystv.com\/blog\/wp-content\/uploads\/2023\/04\/stephen-curry-20230413.webp\" alt=\"\" width=\"555\" height=\"312\" srcset=\"https:\/\/mortystv.com\/blog\/wp-content\/uploads\/2023\/04\/stephen-curry-20230413.webp 555w, https:\/\/mortystv.com\/blog\/wp-content\/uploads\/2023\/04\/stephen-curry-20230413-300x169.webp 300w\" sizes=\"(max-width: 555px) 100vw, 555px\" \/>Apple Original Films and A24 announced today that the highly anticipated, critically acclaimed documentary &#8220;<strong><em>Stephen Curry: Underrated<\/em><\/strong>,&#8221; directed and produced by Emmy\u00ae Award winner Peter Nicks, will be released in select theaters and premiere globally on Apple TV+ on Friday, July 21, 2023.<\/p>\n<p>&#8220;<em>Stephen Curry: Underrated<\/em>&#8221; is the remarkable coming-of-age story of one of the most influential, dynamic, and unexpected players in the history of basketball: Stephen Curry. This feature documentary &#8211; blending intimate cin\u00e9ma v\u00e9rit\u00e9, archival footage, and on-camera interviews &#8211; documents Curry&#8217;s rise from an undersized college player at a small town Division I college to a four-time NBA champion, building one of the most dominant sports dynasties in the world.<\/p><div id=\"morty-4160761510\" class=\"morty-content\"><script async src=\"\/\/pagead2.googlesyndication.com\/pagead\/js\/adsbygoogle.js?client=ca-pub-4937602850188786\" crossorigin=\"anonymous\"><\/script><ins class=\"adsbygoogle\" style=\"display:block; text-align:center;\" data-ad-client=\"ca-pub-4937602850188786\" \ndata-ad-slot=\"5227734695\" \ndata-ad-layout=\"in-article\"\ndata-ad-format=\"fluid\" data-full-width-responsive=\"true\"><\/ins>\n<script> \n(adsbygoogle = window.adsbygoogle || []).push({}); \n<\/script>\n<\/div>\n<p>Nicks produces alongside Academy Award nominee Ryan Coogler, Erick Peyton, Sean Havey, Ben Cotner, and Marissa Torres Ericson. Emily Osborne, Sev Ohanian, and Zinzi Coogler are executive producers.<\/p>\n<p>&#8220;<em>Stephen Curry: Underrated<\/em>&#8221; joins Apple TV+&#8217;s acclaimed and award-winning sports slate including docuseries and documentaries featuring the real-life stories behind the biggest names in sports such as &#8220;<em>Greatness Code,<\/em>&#8221; revealing what truly drives the world&#8217;s greatest athletes to succeed featuring Lindsey Vonn, Marcus Rashford, and Russell Wilson, among others; the four-part Emmy\u00ae Award nominated Earvin &#8220;Magic&#8221; Johnson docuseries &#8220;<em>They Call Me Magic<\/em>&#8220;; &#8220;<em>The Long Game: Bigger Than Basketball<\/em>&#8221; about NBA hopeful Makur Maker; and &#8220;<em>Make or Break<\/em>,&#8221; following elite World Surf League competitors. Soon to join this slate will be the recently announced feature documentary about seven-time Formula One world champion Sir Lewis Hamilton; and &#8220;<em>The Dynasty<\/em>&#8221; a new documentary event series about the New England Patriots, from Brian Grazer and Ron Howard&#8217;s Imagine Documentaries, in association with NFL Films.<\/p>\n<p>Apple TV+ is home to award-winning Apple Originals from today&#8217;s most imaginative storytellers. Apple TV+ offers premium, compelling drama and comedy series, feature films, groundbreaking documentaries, and kids and family entertainment, and is available to watch across all your favorite screens. After its launch on November 1, 2019, Apple TV+ became the first all-original streaming service to launch around the world, and has premiered more original hits and received more award recognitions faster than any other streaming service.<\/p>\n","protected":false},"excerpt":{"rendered":"<p>Apple Original Films and A24 announced today that the highly anticipated, critically acclaimed documentary &#8220;Stephen Curry: Underrated,&#8221; directed and produced by Emmy\u00ae Award winner Peter Nicks, will be released in select theaters and premiere globally on Apple TV+ on Friday, July 21, 2023. &#8220;Stephen Curry: Underrated&#8221; is the remarkable coming-of-age story of one of the [&hellip;]<\/p>\n","protected":false},"author":1,"featured_media":52986,"comment_status":"open","ping_status":"open","sticky":false,"template":"","format":"standard","meta":{"_acf_changed":false,"jetpack_post_was_ever_published":false,"jnews-multi-image_gallery":[],"jnews_single_post":{"source_name":"","source_url":"","via_name":"","via_url":"","override_template":"0","override":[{"template":"1","single_blog_custom":"","parallax":"1","fullscreen":"1","layout":"right-sidebar","sidebar":"default-sidebar","second_sidebar":"default-sidebar","sticky_sidebar":"1","share_position":"top","share_float_style":"share-monocrhome","show_share_counter":"1","show_view_counter":"0","show_featured":"1","show_post_meta":"1","show_post_author":"1","show_post_author_image":"0","show_post_date":"1","post_date_format":"default","post_date_format_custom":"Y\/m\/d","show_post_category":"1","show_post_reading_time":"0","post_reading_time_wpm":"300","show_zoom_button":"0","zoom_button_out_step":"2","zoom_button_in_step":"3","show_post_tag":"0","show_prev_next_post":"1","show_popup_post":"1","number_popup_post":"1","show_author_box":"0","show_post_related":"1","show_inline_post_related":"0"}],"override_image_size":"0","image_override":[{"single_post_thumbnail_size":"crop-500","single_post_gallery_size":"crop-500"}],"trending_post":"0","trending_post_position":"meta","trending_post_label":"Trending","sponsored_post":"0","sponsored_post_label":"Sponsored by","sponsored_post_name":"","sponsored_post_url":"","sponsored_post_logo_enable":"0","sponsored_post_logo":"","sponsored_post_desc":"","disable_ad":"0"},"jnews_primary_category":{"id":"","hide":""},"footnotes":"","jetpack_publicize_message":"","jetpack_publicize_feature_enabled":true,"jetpack_social_post_already_shared":true,"jetpack_social_options":{"image_generator_settings":{"template":"highway","default_image_id":0,"font":"","enabled":false},"version":2},"_wpas_customize_per_network":false},"categories":[1],"tags":[241,69,323,3126],"class_list":["post-52985","post","type-post","status-publish","format-standard","has-post-thumbnail","hentry","category-tv_news","tag-basketball","tag-documentary","tag-nba","tag-stephen-curry"],"acf":[],"yoast_head":"<!-- This site is optimized with the Yoast SEO Premium plugin v27.1 (Yoast SEO v27.1.1) - https:\/\/yoast.com\/product\/yoast-seo-premium-wordpress\/ -->\n<title>Apple Original Films and A24 Announce Critically Acclaimed Documentary &quot;Stephen Curry: Underrated&quot; Will Be Released in Select Theaters and Premiere Globally on Apple TV+ on Friday, July 21, 2023 - Morty&#039;s TV<\/title>\n<meta name=\"robots\" content=\"index, follow, max-snippet:-1, max-image-preview:large, max-video-preview:-1\" \/>\n<link rel=\"canonical\" href=\"https:\/\/mortystv.com\/blog\/2023\/04\/14\/apple-original-films-and-a24-announce-critically-acclaimed-documentary-stephen-curry-underrated-will-be-released-in-select-theaters-and-premiere-globally-on-apple-tv-on-friday-july-21-2023\/\" \/>\n<meta property=\"og:locale\" content=\"en_US\" \/>\n<meta property=\"og:type\" content=\"article\" \/>\n<meta property=\"og:title\" content=\"Apple Original Films and A24 Announce Critically Acclaimed Documentary &quot;Stephen Curry: Underrated&quot; Will Be Released in Select Theaters and Premiere Globally on Apple TV+ on Friday, July 21, 2023\" \/>\n<meta property=\"og:description\" content=\"Apple Original Films and A24 announced today that the highly anticipated, critically acclaimed documentary &#8220;Stephen Curry: Underrated,&#8221; directed and produced by Emmy\u00ae Award winner Peter Nicks, will be released in select theaters and premiere globally on Apple TV+ on Friday, July 21, 2023. &#8220;Stephen Curry: Underrated&#8221; is the remarkable coming-of-age story of one of the [&hellip;]\" \/>\n<meta property=\"og:url\" content=\"https:\/\/mortystv.com\/blog\/2023\/04\/14\/apple-original-films-and-a24-announce-critically-acclaimed-documentary-stephen-curry-underrated-will-be-released-in-select-theaters-and-premiere-globally-on-apple-tv-on-friday-july-21-2023\/\" \/>\n<meta property=\"og:site_name\" content=\"Morty&#039;s TV\" \/>\n<meta property=\"article:publisher\" content=\"https:\/\/www.facebook.com\/mortystv\" \/>\n<meta property=\"article:author\" content=\"https:\/\/www.facebook.com\/mortystv\" \/>\n<meta property=\"article:published_time\" content=\"2023-04-14T20:22:55+00:00\" \/>\n<meta property=\"og:image\" content=\"https:\/\/mortystv.com\/blog\/wp-content\/uploads\/2023\/04\/stephen-curry-20230413.webp\" \/>\n\t<meta property=\"og:image:width\" content=\"555\" \/>\n\t<meta property=\"og:image:height\" content=\"312\" \/>\n\t<meta property=\"og:image:type\" content=\"image\/webp\" \/>\n<meta name=\"author\" content=\"morty\" \/>\n<meta name=\"twitter:card\" content=\"summary_large_image\" \/>\n<meta name=\"twitter:creator\" content=\"@http:\/\/twitter.com\/#!\/mortystv\" \/>\n<meta name=\"twitter:site\" content=\"@mortystv\" \/>\n<meta name=\"twitter:label1\" content=\"Written by\" \/>\n\t<meta name=\"twitter:data1\" content=\"morty\" \/>\n\t<meta name=\"twitter:label2\" content=\"Est. reading time\" \/>\n\t<meta name=\"twitter:data2\" content=\"2 minutes\" \/>\n<script type=\"application\/ld+json\" class=\"yoast-schema-graph\">{\"@context\":\"https:\/\/schema.org\",\"@graph\":[{\"@type\":\"Article\",\"@id\":\"https:\/\/mortystv.com\/blog\/2023\/04\/14\/apple-original-films-and-a24-announce-critically-acclaimed-documentary-stephen-curry-underrated-will-be-released-in-select-theaters-and-premiere-globally-on-apple-tv-on-friday-july-21-2023\/#article\",\"isPartOf\":{\"@id\":\"https:\/\/mortystv.com\/blog\/2023\/04\/14\/apple-original-films-and-a24-announce-critically-acclaimed-documentary-stephen-curry-underrated-will-be-released-in-select-theaters-and-premiere-globally-on-apple-tv-on-friday-july-21-2023\/\"},\"author\":{\"name\":\"morty\",\"@id\":\"https:\/\/mortystv.com\/blog\/#\/schema\/person\/ec63b069cf8528fdbe3b63a882c84e55\"},\"headline\":\"Apple Original Films and A24 Announce Critically Acclaimed Documentary &#8220;Stephen Curry: Underrated&#8221; Will Be Released in Select Theaters and Premiere Globally on Apple TV+ on Friday, July 21, 2023\",\"datePublished\":\"2023-04-14T20:22:55+00:00\",\"mainEntityOfPage\":{\"@id\":\"https:\/\/mortystv.com\/blog\/2023\/04\/14\/apple-original-films-and-a24-announce-critically-acclaimed-documentary-stephen-curry-underrated-will-be-released-in-select-theaters-and-premiere-globally-on-apple-tv-on-friday-july-21-2023\/\"},\"wordCount\":379,\"commentCount\":0,\"publisher\":{\"@id\":\"https:\/\/mortystv.com\/blog\/#organization\"},\"image\":{\"@id\":\"https:\/\/mortystv.com\/blog\/2023\/04\/14\/apple-original-films-and-a24-announce-critically-acclaimed-documentary-stephen-curry-underrated-will-be-released-in-select-theaters-and-premiere-globally-on-apple-tv-on-friday-july-21-2023\/#primaryimage\"},\"thumbnailUrl\":\"https:\/\/mortystv.com\/blog\/wp-content\/uploads\/2023\/04\/stephen-curry-20230413.webp\",\"keywords\":[\"basketball\",\"documentary\",\"nba\",\"Stephen Curry\"],\"articleSection\":[\"TV News\"],\"inLanguage\":\"en-US\",\"potentialAction\":[{\"@type\":\"CommentAction\",\"name\":\"Comment\",\"target\":[\"https:\/\/mortystv.com\/blog\/2023\/04\/14\/apple-original-films-and-a24-announce-critically-acclaimed-documentary-stephen-curry-underrated-will-be-released-in-select-theaters-and-premiere-globally-on-apple-tv-on-friday-july-21-2023\/#respond\"]}]},{\"@type\":\"WebPage\",\"@id\":\"https:\/\/mortystv.com\/blog\/2023\/04\/14\/apple-original-films-and-a24-announce-critically-acclaimed-documentary-stephen-curry-underrated-will-be-released-in-select-theaters-and-premiere-globally-on-apple-tv-on-friday-july-21-2023\/\",\"url\":\"https:\/\/mortystv.com\/blog\/2023\/04\/14\/apple-original-films-and-a24-announce-critically-acclaimed-documentary-stephen-curry-underrated-will-be-released-in-select-theaters-and-premiere-globally-on-apple-tv-on-friday-july-21-2023\/\",\"name\":\"Apple Original Films and A24 Announce Critically Acclaimed Documentary \\\"Stephen Curry: Underrated\\\" Will Be Released in Select Theaters and Premiere Globally on Apple TV+ on Friday, July 21, 2023 - Morty&#039;s TV\",\"isPartOf\":{\"@id\":\"https:\/\/mortystv.com\/blog\/#website\"},\"primaryImageOfPage\":{\"@id\":\"https:\/\/mortystv.com\/blog\/2023\/04\/14\/apple-original-films-and-a24-announce-critically-acclaimed-documentary-stephen-curry-underrated-will-be-released-in-select-theaters-and-premiere-globally-on-apple-tv-on-friday-july-21-2023\/#primaryimage\"},\"image\":{\"@id\":\"https:\/\/mortystv.com\/blog\/2023\/04\/14\/apple-original-films-and-a24-announce-critically-acclaimed-documentary-stephen-curry-underrated-will-be-released-in-select-theaters-and-premiere-globally-on-apple-tv-on-friday-july-21-2023\/#primaryimage\"},\"thumbnailUrl\":\"https:\/\/mortystv.com\/blog\/wp-content\/uploads\/2023\/04\/stephen-curry-20230413.webp\",\"datePublished\":\"2023-04-14T20:22:55+00:00\",\"breadcrumb\":{\"@id\":\"https:\/\/mortystv.com\/blog\/2023\/04\/14\/apple-original-films-and-a24-announce-critically-acclaimed-documentary-stephen-curry-underrated-will-be-released-in-select-theaters-and-premiere-globally-on-apple-tv-on-friday-july-21-2023\/#breadcrumb\"},\"inLanguage\":\"en-US\",\"potentialAction\":[{\"@type\":\"ReadAction\",\"target\":[\"https:\/\/mortystv.com\/blog\/2023\/04\/14\/apple-original-films-and-a24-announce-critically-acclaimed-documentary-stephen-curry-underrated-will-be-released-in-select-theaters-and-premiere-globally-on-apple-tv-on-friday-july-21-2023\/\"]}]},{\"@type\":\"ImageObject\",\"inLanguage\":\"en-US\",\"@id\":\"https:\/\/mortystv.com\/blog\/2023\/04\/14\/apple-original-films-and-a24-announce-critically-acclaimed-documentary-stephen-curry-underrated-will-be-released-in-select-theaters-and-premiere-globally-on-apple-tv-on-friday-july-21-2023\/#primaryimage\",\"url\":\"https:\/\/mortystv.com\/blog\/wp-content\/uploads\/2023\/04\/stephen-curry-20230413.webp\",\"contentUrl\":\"https:\/\/mortystv.com\/blog\/wp-content\/uploads\/2023\/04\/stephen-curry-20230413.webp\",\"width\":555,\"height\":312},{\"@type\":\"BreadcrumbList\",\"@id\":\"https:\/\/mortystv.com\/blog\/2023\/04\/14\/apple-original-films-and-a24-announce-critically-acclaimed-documentary-stephen-curry-underrated-will-be-released-in-select-theaters-and-premiere-globally-on-apple-tv-on-friday-july-21-2023\/#breadcrumb\",\"itemListElement\":[{\"@type\":\"ListItem\",\"position\":1,\"name\":\"Home\",\"item\":\"https:\/\/mortystv.com\/blog\/\"},{\"@type\":\"ListItem\",\"position\":2,\"name\":\"Apple Original Films and A24 Announce Critically Acclaimed Documentary &#8220;Stephen Curry: Underrated&#8221; Will Be Released in Select Theaters and Premiere Globally on Apple TV+ on Friday, July 21, 2023\"}]},{\"@type\":\"WebSite\",\"@id\":\"https:\/\/mortystv.com\/blog\/#website\",\"url\":\"https:\/\/mortystv.com\/blog\/\",\"name\":\"Morty's TV\",\"description\":\"TV  News, Big Brother Fan Pages with Daily Updates, and Obits\",\"publisher\":{\"@id\":\"https:\/\/mortystv.com\/blog\/#organization\"},\"potentialAction\":[{\"@type\":\"SearchAction\",\"target\":{\"@type\":\"EntryPoint\",\"urlTemplate\":\"https:\/\/mortystv.com\/blog\/?s={search_term_string}\"},\"query-input\":{\"@type\":\"PropertyValueSpecification\",\"valueRequired\":true,\"valueName\":\"search_term_string\"}}],\"inLanguage\":\"en-US\"},{\"@type\":\"Organization\",\"@id\":\"https:\/\/mortystv.com\/blog\/#organization\",\"name\":\"Morty's TV\",\"url\":\"https:\/\/mortystv.com\/blog\/\",\"logo\":{\"@type\":\"ImageObject\",\"inLanguage\":\"en-US\",\"@id\":\"https:\/\/mortystv.com\/blog\/#\/schema\/logo\/image\/\",\"url\":\"https:\/\/mortystv.com\/blog\/wp-content\/uploads\/2020\/09\/seo-logo.jpg\",\"contentUrl\":\"https:\/\/mortystv.com\/blog\/wp-content\/uploads\/2020\/09\/seo-logo.jpg\",\"width\":1226,\"height\":375,\"caption\":\"Morty's TV\"},\"image\":{\"@id\":\"https:\/\/mortystv.com\/blog\/#\/schema\/logo\/image\/\"},\"sameAs\":[\"https:\/\/www.facebook.com\/mortystv\",\"https:\/\/x.com\/mortystv\",\"https:\/\/www.instagram.com\/mortystv\/\",\"https:\/\/mortystv.bsky.social\/\"]},{\"@type\":\"Person\",\"@id\":\"https:\/\/mortystv.com\/blog\/#\/schema\/person\/ec63b069cf8528fdbe3b63a882c84e55\",\"name\":\"morty\",\"image\":{\"@type\":\"ImageObject\",\"inLanguage\":\"en-US\",\"@id\":\"https:\/\/mortystv.com\/blog\/#\/schema\/person\/image\/\",\"url\":\"https:\/\/secure.gravatar.com\/avatar\/f8d193cd52b136c105466b1a6e275471a201e3f2ef36511576a5b559448768be?s=96&d=mm&r=g\",\"contentUrl\":\"https:\/\/secure.gravatar.com\/avatar\/f8d193cd52b136c105466b1a6e275471a201e3f2ef36511576a5b559448768be?s=96&d=mm&r=g\",\"caption\":\"morty\"},\"description\":\"TV historian and Big Brother fan. Former contributor to The Philadelphia Inquirer TV section.\",\"sameAs\":[\"http:\/\/mortystv.com\",\"https:\/\/www.facebook.com\/mortystv\",\"https:\/\/x.com\/http:\/\/twitter.com\/#!\/mortystv\"],\"url\":\"https:\/\/mortystv.com\/blog\/author\/morty\/\"}]}<\/script>\n<!-- \/ Yoast SEO Premium plugin. -->","yoast_head_json":{"title":"Apple Original Films and A24 Announce Critically Acclaimed Documentary \"Stephen Curry: Underrated\" Will Be Released in Select Theaters and Premiere Globally on Apple TV+ on Friday, July 21, 2023 - Morty&#039;s TV","robots":{"index":"index","follow":"follow","max-snippet":"max-snippet:-1","max-image-preview":"max-image-preview:large","max-video-preview":"max-video-preview:-1"},"canonical":"https:\/\/mortystv.com\/blog\/2023\/04\/14\/apple-original-films-and-a24-announce-critically-acclaimed-documentary-stephen-curry-underrated-will-be-released-in-select-theaters-and-premiere-globally-on-apple-tv-on-friday-july-21-2023\/","og_locale":"en_US","og_type":"article","og_title":"Apple Original Films and A24 Announce Critically Acclaimed Documentary \"Stephen Curry: Underrated\" Will Be Released in Select Theaters and Premiere Globally on Apple TV+ on Friday, July 21, 2023","og_description":"Apple Original Films and A24 announced today that the highly anticipated, critically acclaimed documentary &#8220;Stephen Curry: Underrated,&#8221; directed and produced by Emmy\u00ae Award winner Peter Nicks, will be released in select theaters and premiere globally on Apple TV+ on Friday, July 21, 2023. &#8220;Stephen Curry: Underrated&#8221; is the remarkable coming-of-age story of one of the [&hellip;]","og_url":"https:\/\/mortystv.com\/blog\/2023\/04\/14\/apple-original-films-and-a24-announce-critically-acclaimed-documentary-stephen-curry-underrated-will-be-released-in-select-theaters-and-premiere-globally-on-apple-tv-on-friday-july-21-2023\/","og_site_name":"Morty&#039;s TV","article_publisher":"https:\/\/www.facebook.com\/mortystv","article_author":"https:\/\/www.facebook.com\/mortystv","article_published_time":"2023-04-14T20:22:55+00:00","og_image":[{"width":555,"height":312,"url":"https:\/\/mortystv.com\/blog\/wp-content\/uploads\/2023\/04\/stephen-curry-20230413.webp","type":"image\/webp"}],"author":"morty","twitter_card":"summary_large_image","twitter_creator":"@http:\/\/twitter.com\/#!\/mortystv","twitter_site":"@mortystv","twitter_misc":{"Written by":"morty","Est. reading time":"2 minutes"},"schema":{"@context":"https:\/\/schema.org","@graph":[{"@type":"Article","@id":"https:\/\/mortystv.com\/blog\/2023\/04\/14\/apple-original-films-and-a24-announce-critically-acclaimed-documentary-stephen-curry-underrated-will-be-released-in-select-theaters-and-premiere-globally-on-apple-tv-on-friday-july-21-2023\/#article","isPartOf":{"@id":"https:\/\/mortystv.com\/blog\/2023\/04\/14\/apple-original-films-and-a24-announce-critically-acclaimed-documentary-stephen-curry-underrated-will-be-released-in-select-theaters-and-premiere-globally-on-apple-tv-on-friday-july-21-2023\/"},"author":{"name":"morty","@id":"https:\/\/mortystv.com\/blog\/#\/schema\/person\/ec63b069cf8528fdbe3b63a882c84e55"},"headline":"Apple Original Films and A24 Announce Critically Acclaimed Documentary &#8220;Stephen Curry: Underrated&#8221; Will Be Released in Select Theaters and Premiere Globally on Apple TV+ on Friday, July 21, 2023","datePublished":"2023-04-14T20:22:55+00:00","mainEntityOfPage":{"@id":"https:\/\/mortystv.com\/blog\/2023\/04\/14\/apple-original-films-and-a24-announce-critically-acclaimed-documentary-stephen-curry-underrated-will-be-released-in-select-theaters-and-premiere-globally-on-apple-tv-on-friday-july-21-2023\/"},"wordCount":379,"commentCount":0,"publisher":{"@id":"https:\/\/mortystv.com\/blog\/#organization"},"image":{"@id":"https:\/\/mortystv.com\/blog\/2023\/04\/14\/apple-original-films-and-a24-announce-critically-acclaimed-documentary-stephen-curry-underrated-will-be-released-in-select-theaters-and-premiere-globally-on-apple-tv-on-friday-july-21-2023\/#primaryimage"},"thumbnailUrl":"https:\/\/mortystv.com\/blog\/wp-content\/uploads\/2023\/04\/stephen-curry-20230413.webp","keywords":["basketball","documentary","nba","Stephen Curry"],"articleSection":["TV News"],"inLanguage":"en-US","potentialAction":[{"@type":"CommentAction","name":"Comment","target":["https:\/\/mortystv.com\/blog\/2023\/04\/14\/apple-original-films-and-a24-announce-critically-acclaimed-documentary-stephen-curry-underrated-will-be-released-in-select-theaters-and-premiere-globally-on-apple-tv-on-friday-july-21-2023\/#respond"]}]},{"@type":"WebPage","@id":"https:\/\/mortystv.com\/blog\/2023\/04\/14\/apple-original-films-and-a24-announce-critically-acclaimed-documentary-stephen-curry-underrated-will-be-released-in-select-theaters-and-premiere-globally-on-apple-tv-on-friday-july-21-2023\/","url":"https:\/\/mortystv.com\/blog\/2023\/04\/14\/apple-original-films-and-a24-announce-critically-acclaimed-documentary-stephen-curry-underrated-will-be-released-in-select-theaters-and-premiere-globally-on-apple-tv-on-friday-july-21-2023\/","name":"Apple Original Films and A24 Announce Critically Acclaimed Documentary \"Stephen Curry: Underrated\" Will Be Released in Select Theaters and Premiere Globally on Apple TV+ on Friday, July 21, 2023 - Morty&#039;s TV","isPartOf":{"@id":"https:\/\/mortystv.com\/blog\/#website"},"primaryImageOfPage":{"@id":"https:\/\/mortystv.com\/blog\/2023\/04\/14\/apple-original-films-and-a24-announce-critically-acclaimed-documentary-stephen-curry-underrated-will-be-released-in-select-theaters-and-premiere-globally-on-apple-tv-on-friday-july-21-2023\/#primaryimage"},"image":{"@id":"https:\/\/mortystv.com\/blog\/2023\/04\/14\/apple-original-films-and-a24-announce-critically-acclaimed-documentary-stephen-curry-underrated-will-be-released-in-select-theaters-and-premiere-globally-on-apple-tv-on-friday-july-21-2023\/#primaryimage"},"thumbnailUrl":"https:\/\/mortystv.com\/blog\/wp-content\/uploads\/2023\/04\/stephen-curry-20230413.webp","datePublished":"2023-04-14T20:22:55+00:00","breadcrumb":{"@id":"https:\/\/mortystv.com\/blog\/2023\/04\/14\/apple-original-films-and-a24-announce-critically-acclaimed-documentary-stephen-curry-underrated-will-be-released-in-select-theaters-and-premiere-globally-on-apple-tv-on-friday-july-21-2023\/#breadcrumb"},"inLanguage":"en-US","potentialAction":[{"@type":"ReadAction","target":["https:\/\/mortystv.com\/blog\/2023\/04\/14\/apple-original-films-and-a24-announce-critically-acclaimed-documentary-stephen-curry-underrated-will-be-released-in-select-theaters-and-premiere-globally-on-apple-tv-on-friday-july-21-2023\/"]}]},{"@type":"ImageObject","inLanguage":"en-US","@id":"https:\/\/mortystv.com\/blog\/2023\/04\/14\/apple-original-films-and-a24-announce-critically-acclaimed-documentary-stephen-curry-underrated-will-be-released-in-select-theaters-and-premiere-globally-on-apple-tv-on-friday-july-21-2023\/#primaryimage","url":"https:\/\/mortystv.com\/blog\/wp-content\/uploads\/2023\/04\/stephen-curry-20230413.webp","contentUrl":"https:\/\/mortystv.com\/blog\/wp-content\/uploads\/2023\/04\/stephen-curry-20230413.webp","width":555,"height":312},{"@type":"BreadcrumbList","@id":"https:\/\/mortystv.com\/blog\/2023\/04\/14\/apple-original-films-and-a24-announce-critically-acclaimed-documentary-stephen-curry-underrated-will-be-released-in-select-theaters-and-premiere-globally-on-apple-tv-on-friday-july-21-2023\/#breadcrumb","itemListElement":[{"@type":"ListItem","position":1,"name":"Home","item":"https:\/\/mortystv.com\/blog\/"},{"@type":"ListItem","position":2,"name":"Apple Original Films and A24 Announce Critically Acclaimed Documentary &#8220;Stephen Curry: Underrated&#8221; Will Be Released in Select Theaters and Premiere Globally on Apple TV+ on Friday, July 21, 2023"}]},{"@type":"WebSite","@id":"https:\/\/mortystv.com\/blog\/#website","url":"https:\/\/mortystv.com\/blog\/","name":"Morty's TV","description":"TV  News, Big Brother Fan Pages with Daily Updates, and Obits","publisher":{"@id":"https:\/\/mortystv.com\/blog\/#organization"},"potentialAction":[{"@type":"SearchAction","target":{"@type":"EntryPoint","urlTemplate":"https:\/\/mortystv.com\/blog\/?s={search_term_string}"},"query-input":{"@type":"PropertyValueSpecification","valueRequired":true,"valueName":"search_term_string"}}],"inLanguage":"en-US"},{"@type":"Organization","@id":"https:\/\/mortystv.com\/blog\/#organization","name":"Morty's TV","url":"https:\/\/mortystv.com\/blog\/","logo":{"@type":"ImageObject","inLanguage":"en-US","@id":"https:\/\/mortystv.com\/blog\/#\/schema\/logo\/image\/","url":"https:\/\/mortystv.com\/blog\/wp-content\/uploads\/2020\/09\/seo-logo.jpg","contentUrl":"https:\/\/mortystv.com\/blog\/wp-content\/uploads\/2020\/09\/seo-logo.jpg","width":1226,"height":375,"caption":"Morty's TV"},"image":{"@id":"https:\/\/mortystv.com\/blog\/#\/schema\/logo\/image\/"},"sameAs":["https:\/\/www.facebook.com\/mortystv","https:\/\/x.com\/mortystv","https:\/\/www.instagram.com\/mortystv\/","https:\/\/mortystv.bsky.social\/"]},{"@type":"Person","@id":"https:\/\/mortystv.com\/blog\/#\/schema\/person\/ec63b069cf8528fdbe3b63a882c84e55","name":"morty","image":{"@type":"ImageObject","inLanguage":"en-US","@id":"https:\/\/mortystv.com\/blog\/#\/schema\/person\/image\/","url":"https:\/\/secure.gravatar.com\/avatar\/f8d193cd52b136c105466b1a6e275471a201e3f2ef36511576a5b559448768be?s=96&d=mm&r=g","contentUrl":"https:\/\/secure.gravatar.com\/avatar\/f8d193cd52b136c105466b1a6e275471a201e3f2ef36511576a5b559448768be?s=96&d=mm&r=g","caption":"morty"},"description":"TV historian and Big Brother fan. Former contributor to The Philadelphia Inquirer TV section.","sameAs":["http:\/\/mortystv.com","https:\/\/www.facebook.com\/mortystv","https:\/\/x.com\/http:\/\/twitter.com\/#!\/mortystv"],"url":"https:\/\/mortystv.com\/blog\/author\/morty\/"}]}},"jetpack_publicize_connections":[],"jetpack_featured_media_url":"https:\/\/mortystv.com\/blog\/wp-content\/uploads\/2023\/04\/stephen-curry-20230413.webp","jetpack_sharing_enabled":true,"jetpack-related-posts":[{"id":44438,"url":"https:\/\/mortystv.com\/blog\/2022\/10\/20\/apple-tv-announced-a-new-documentary-film-underrated-featuring-the-breakout-story-of-nba-superstar-stephen-curry\/","url_meta":{"origin":52985,"position":0},"title":"Apple TV Announced a New Documentary Film &#8220;Underrated,&#8221; Featuring the Breakout Story of NBA Superstar Stephen Curry","author":"morty","date":"October 20, 2022","format":false,"excerpt":"Emmy Award winner Peter Nicks directs and produces the film, alongside Academy Award nominee Ryan Coogler and producer Erick Peyton Apple Original Films, A24, and Unanimous Media announce the new documentary film \"Underrated,\" featuring the breakout story of NBA superstar Stephen Curry and his historic success during the 2008 March\u2026","rel":"","context":"In &quot;TV News&quot;","block_context":{"text":"TV News","link":"https:\/\/mortystv.com\/blog\/category\/tv_news\/"},"img":{"alt_text":"","src":"https:\/\/i0.wp.com\/mortystv.com\/blog\/wp-content\/uploads\/2022\/10\/apple-tv-plus-feat-jpg.webp?resize=350%2C200&ssl=1","width":350,"height":200},"classes":[]},{"id":55894,"url":"https:\/\/mortystv.com\/blog\/2023\/06\/27\/official-apple-tv-trailer-for-stephen-curry-underrated-video\/","url_meta":{"origin":52985,"position":1},"title":"Official Apple TV+ Trailer for &#8220;Stephen Curry: Underrated&#8221; [VIDEO]","author":"morty","date":"June 27, 2023","format":false,"excerpt":"The remarkable coming-of-age story of one of the most influential, dynamic, and unexpected players in the history of basketball: Stephen Curry. This feature documentary - blending intimate cin\u00e9ma v\u00e9rit\u00e9, archival footage, and on-camera interviews - documents Curry's rise from an undersized college player at a small town Division I college\u2026","rel":"","context":"In &quot;TV News&quot;","block_context":{"text":"TV News","link":"https:\/\/mortystv.com\/blog\/category\/tv_news\/"},"img":{"alt_text":"","src":"https:\/\/i0.wp.com\/mortystv.com\/blog\/wp-content\/uploads\/2023\/06\/Stephen-Curry.webp?resize=350%2C200&ssl=1","width":350,"height":200,"srcset":"https:\/\/i0.wp.com\/mortystv.com\/blog\/wp-content\/uploads\/2023\/06\/Stephen-Curry.webp?resize=350%2C200&ssl=1 1x, https:\/\/i0.wp.com\/mortystv.com\/blog\/wp-content\/uploads\/2023\/06\/Stephen-Curry.webp?resize=525%2C300&ssl=1 1.5x"},"classes":[]},{"id":49179,"url":"https:\/\/mortystv.com\/blog\/2023\/01\/25\/apple-tv-unveils-trailer-and-premiere-date-for-new-season-of-make-or-break-the-high-stakes-documentary-following-the-worlds-best-surfers-video\/","url_meta":{"origin":52985,"position":2},"title":"Apple TV+ Unveils Trailer and Premiere Date for New Season of &#8220;Make or Break,&#8221; The High-Stakes Documentary Following the World&#8217;s Best Surfers [VIDEO]","author":"morty","date":"January 25, 2023","format":false,"excerpt":"Apple TV+ unveils trailer and premiere date for new season of \"Make or Break,\" the high-stakes documentary following the world's best surfers \"Make or Break\" season two will debut globally on Friday, February 17 New eight-part season spotlights elite internationally recognized World Surf League champions Kelly Slater, Stephanie Gilmore, Filipe\u2026","rel":"","context":"In &quot;TV News&quot;","block_context":{"text":"TV News","link":"https:\/\/mortystv.com\/blog\/category\/tv_news\/"},"img":{"alt_text":"","src":"https:\/\/i0.wp.com\/mortystv.com\/blog\/wp-content\/uploads\/2023\/01\/Make-or-Break.webp?resize=350%2C200&ssl=1","width":350,"height":200,"srcset":"https:\/\/i0.wp.com\/mortystv.com\/blog\/wp-content\/uploads\/2023\/01\/Make-or-Break.webp?resize=350%2C200&ssl=1 1x, https:\/\/i0.wp.com\/mortystv.com\/blog\/wp-content\/uploads\/2023\/01\/Make-or-Break.webp?resize=525%2C300&ssl=1 1.5x"},"classes":[]},{"id":50828,"url":"https:\/\/mortystv.com\/blog\/2023\/02\/28\/apple-announces-new-documentary-series-real-madrid-until-the-end-introduced-by-david-beckham-to-premiere-march-10-video\/","url_meta":{"origin":52985,"position":3},"title":"Apple Announces New Documentary Series &#8220;Real Madrid: Until the End,&#8221; Introduced by David Beckham, to Premiere March 10 [VIDEO]","author":"morty","date":"February 28, 2023","format":false,"excerpt":"Apple TV+ today announced the new sports documentary series \"Real Madrid: Until The End,\" to premiere globally on March 10, 2023. Introduced by David Beckham, \"Real Madrid: Until The End\" is a three-part series that steps onto the field and, for the first time ever, goes behind the scenes with\u2026","rel":"","context":"In &quot;TV News&quot;","block_context":{"text":"TV News","link":"https:\/\/mortystv.com\/blog\/category\/tv_news\/"},"img":{"alt_text":"","src":"https:\/\/i0.wp.com\/mortystv.com\/blog\/wp-content\/uploads\/2023\/02\/Real-Madrid-Until-the-End.webp?resize=350%2C200&ssl=1","width":350,"height":200,"srcset":"https:\/\/i0.wp.com\/mortystv.com\/blog\/wp-content\/uploads\/2023\/02\/Real-Madrid-Until-the-End.webp?resize=350%2C200&ssl=1 1x, https:\/\/i0.wp.com\/mortystv.com\/blog\/wp-content\/uploads\/2023\/02\/Real-Madrid-Until-the-End.webp?resize=525%2C300&ssl=1 1.5x"},"classes":[]},{"id":48016,"url":"https:\/\/mortystv.com\/blog\/2023\/01\/05\/stand-a-look-at-the-courageous-journey-of-activist-and-basketball-phenom-mahmoud-abdul-rauf-to-premiere-friday-february-3-on-showtime-video\/","url_meta":{"origin":52985,"position":4},"title":"&#8220;Stand,&#8221; A Look at the Courageous Journey of Activist and Basketball Phenom Mahmoud Abdul-Rauf, to Premiere Friday, February 3 on Showtime [VIDEO]","author":"morty","date":"January 5, 2023","format":false,"excerpt":"STAND, the feature-length examination of the remarkable life of social justice activist and basketball prodigy Mahmoud Abdul-Rauf from SHOWTIME Sports Documentary Films, will premiere Friday, February 3 @ 9PM ET\/PT on SHOWTIME and will be available across the network's on-demand and streaming platforms at the premiere. SHOWTIME Sports Documentary Films\u2026","rel":"","context":"In &quot;TV News&quot;","block_context":{"text":"TV News","link":"https:\/\/mortystv.com\/blog\/category\/tv_news\/"},"img":{"alt_text":"","src":"https:\/\/i0.wp.com\/mortystv.com\/blog\/wp-content\/uploads\/2023\/01\/stand.webp?resize=350%2C200&ssl=1","width":350,"height":200,"srcset":"https:\/\/i0.wp.com\/mortystv.com\/blog\/wp-content\/uploads\/2023\/01\/stand.webp?resize=350%2C200&ssl=1 1x, https:\/\/i0.wp.com\/mortystv.com\/blog\/wp-content\/uploads\/2023\/01\/stand.webp?resize=525%2C300&ssl=1 1.5x"},"classes":[]},{"id":56912,"url":"https:\/\/mortystv.com\/blog\/2023\/07\/24\/apple-original-films-lands-new-feature-documentary-the-pigeon-tunnel-from-academy-award-winning-filmmaker-errol-morris\/","url_meta":{"origin":52985,"position":5},"title":"Apple Original Films Lands New Feature Documentary &#8220;The Pigeon Tunnel&#8221; from Academy Award-Winning Filmmaker Errol Morris","author":"morty","date":"July 24, 2023","format":false,"excerpt":"Apple Original Films announces a new documentary film, \"The Pigeon Tunnel,\" from Academy Award-winning documentarian Errol Morris (\"The Fog of War\") and The Ink Factory (\"The Night Manager\"). \"The Pigeon Tunnel\" pulls back the curtain on the storied life and career of former British spy David Cornwell - better known\u2026","rel":"","context":"In &quot;TV News&quot;","block_context":{"text":"TV News","link":"https:\/\/mortystv.com\/blog\/category\/tv_news\/"},"img":{"alt_text":"","src":"https:\/\/i0.wp.com\/mortystv.com\/blog\/wp-content\/uploads\/2023\/07\/John-le-Carre.webp?resize=350%2C200&ssl=1","width":350,"height":200,"srcset":"https:\/\/i0.wp.com\/mortystv.com\/blog\/wp-content\/uploads\/2023\/07\/John-le-Carre.webp?resize=350%2C200&ssl=1 1x, https:\/\/i0.wp.com\/mortystv.com\/blog\/wp-content\/uploads\/2023\/07\/John-le-Carre.webp?resize=525%2C300&ssl=1 1.5x"},"classes":[]}],"jetpack_likes_enabled":true,"_links":{"self":[{"href":"https:\/\/mortystv.com\/blog\/wp-json\/wp\/v2\/posts\/52985","targetHints":{"allow":["GET"]}}],"collection":[{"href":"https:\/\/mortystv.com\/blog\/wp-json\/wp\/v2\/posts"}],"about":[{"href":"https:\/\/mortystv.com\/blog\/wp-json\/wp\/v2\/types\/post"}],"author":[{"embeddable":true,"href":"https:\/\/mortystv.com\/blog\/wp-json\/wp\/v2\/users\/1"}],"replies":[{"embeddable":true,"href":"https:\/\/mortystv.com\/blog\/wp-json\/wp\/v2\/comments?post=52985"}],"version-history":[{"count":0,"href":"https:\/\/mortystv.com\/blog\/wp-json\/wp\/v2\/posts\/52985\/revisions"}],"wp:featuredmedia":[{"embeddable":true,"href":"https:\/\/mortystv.com\/blog\/wp-json\/wp\/v2\/media\/52986"}],"wp:attachment":[{"href":"https:\/\/mortystv.com\/blog\/wp-json\/wp\/v2\/media?parent=52985"}],"wp:term":[{"taxonomy":"category","embeddable":true,"href":"https:\/\/mortystv.com\/blog\/wp-json\/wp\/v2\/categories?post=52985"},{"taxonomy":"post_tag","embeddable":true,"href":"https:\/\/mortystv.com\/blog\/wp-json\/wp\/v2\/tags?post=52985"}],"curies":[{"name":"wp","href":"https:\/\/api.w.org\/{rel}","templated":true}]}}