{"id":49246,"date":"2023-01-26T15:59:47","date_gmt":"2023-01-26T20:59:47","guid":{"rendered":"https:\/\/mortystv.com\/blog\/?p=49246"},"modified":"2023-01-26T15:59:47","modified_gmt":"2023-01-26T20:59:47","slug":"disney-premieres-new-trailer-for-latin-american-original-series-the-low-tone-club-video","status":"publish","type":"post","link":"https:\/\/mortystv.com\/blog\/2023\/01\/26\/disney-premieres-new-trailer-for-latin-american-original-series-the-low-tone-club-video\/","title":{"rendered":"Disney+ Premieres New Trailer for Latin American Original Series &#8220;The Low Tone Club&#8221; [VIDEO]"},"content":{"rendered":"<p>Disney+ released a new trailer today for the Latin American Original series &#8220;<strong><em>The Low Tone Club<\/em><\/strong>.&#8221; The series, which stars Colombian singer Carlos Vives, will premiere all 10 episodes exclusively on Disney+ on February 22.<\/p>\n<p><span class=\"embed-youtube\" style=\"text-align:center; display: block;\"><iframe class=\"youtube-player\" width=\"640\" height=\"360\" src=\"https:\/\/www.youtube.com\/embed\/Qbm2fi8eYDo?version=3&#038;rel=1&#038;showsearch=0&#038;showinfo=1&#038;iv_load_policy=1&#038;fs=1&#038;hl=en-US&#038;autohide=2&#038;wmode=transparent\" allowfullscreen=\"true\" style=\"border:0;\" sandbox=\"allow-scripts allow-same-origin allow-popups allow-presentation allow-popups-to-escape-sandbox\"><\/iframe><\/span><\/p>\n<p>&#8220;<em>The Low Tone Club<\/em>&#8221; follows the story of Amaranto Molina (Vives), an unconventional music teacher who starts teaching at a music school that only encourages students who do well by commercial success standards. Every year Principal Eduardo Kramer (Juli\u00e1n Arango), chooses five students, nicknamed The High Tones, to be part of the school&#8217;s prestigious Teen Band. Molina, on the other hand, is put in charge of The Low Tones, a group of students whose talents do not meet the school&#8217;s standards. With his disruptive methods, this eccentric teacher and The Low Tones will embark on a music journey that will help heal wounds and inspire each one of them to express their unique talents. Along the way, the students will learn more about Mr. Molina and discover their teacher&#8217;s mysterious hidden past.<\/p><div id=\"morty-2555765734\" class=\"morty-content\"><script async src=\"\/\/pagead2.googlesyndication.com\/pagead\/js\/adsbygoogle.js?client=ca-pub-4937602850188786\" crossorigin=\"anonymous\"><\/script><ins class=\"adsbygoogle\" style=\"display:block; text-align:center;\" data-ad-client=\"ca-pub-4937602850188786\" \ndata-ad-slot=\"5227734695\" \ndata-ad-layout=\"in-article\"\ndata-ad-format=\"fluid\" data-full-width-responsive=\"true\"><\/ins>\n<script> \n(adsbygoogle = window.adsbygoogle || []).push({}); \n<\/script>\n<\/div>\n<p>&#8220;<em>The Low Tone Club<\/em>&#8221; also stars Kevin Bury\u00a0(&#8220;Pa-Pi-Y\u00f3n&#8221;), Elena Vives (&#8220;Amalia&#8221;), Brainer Gamboa (&#8220;Romario&#8221;), Mar\u00eda Fernanda Mar\u00edn (&#8220;Lala&#8221;), Catalina Polo (&#8220;Martina&#8221;), Gregorio Uma\u00f1a (&#8220;Raphaelo&#8221;), Manuela Duque (&#8220;Roxana&#8221;), Salom\u00e9 Camargo (&#8220;Cami&#8221;), Juan Camilo Gonz\u00e1lez (&#8220;Dardo&#8221;), Juan Diego Panadero (&#8220;Panchito&#8221;), Pitizion (&#8220;KJ&#8221;), Juan Manuel Lenis (&#8220;Peter&#8221;), Luis Fernando Salas (&#8220;Ocampo&#8221;), Giseth, Deisy and Zoila Mariano (&#8220;Triplets&#8221;), Melanie Dell\u00b4Olmo (&#8220;Sara&#8221;), and Sharik Abusaid (&#8220;Lina&#8221;).<\/p>\n<p>Twitter: @DisneyPlus Instagram: @DisneyPlus Facebook: @DisneyPlus TikTok: @DisneyPlus Hashtag: #DisneyPlus<br \/>\n\r\n      <table id=\"tmdb-pro\">\r\n        <tbody>\r\n          <tr>\r\n            <td class=\"tmdb-pro-poster\" width=\"20%\" rowspan=\"3\"><img decoding=\"async\" width=\"100%\" src=\"https:\/\/image.tmdb.org\/t\/p\/w300_and_h450_bestv2\/\/vGMERWi93naIkjC50p46SKhXYOq.jpg\"><\/td>\r\n            <td>\r\n              <h3><b>The Low Tone Club<\/b><\/h3>\r\n            <\/td>\r\n          <\/tr>\r\n          <tr><td><span><b>Network:<\/b> Disney+<\/span><span><b>Genre:<\/b> Comedy<\/span><span><b>Seasons:<\/b> 1<\/span><span><b>Episodes:<\/b> 10<\/span><\/td><\/tr><tr><td><h5><b>Overview<\/b><\/h5><p>Amaranto Molina is a peculiar professor. With his disruptive methods, he will embark on a journey full of unique experiences to help his students express their true musical talents and heal from their wounds.<\/p><\/td><\/tr>\r\n        <\/tbody>\r\n      <\/table>  \r\n    <br \/>\n<div class=\"content_block\" id=\"custom_post_widget-26535\"><p><a href=\"https:\/\/www.themoviedb.org\/\"><img decoding=\"async\" class=\"wp-image-25983\" src=\"https:\/\/mortystv.com\/blog\/wp-content\/uploads\/2021\/09\/program-info-provided-by-tmdb.jpg\" alt=\"Powered by TMDB.org\" width=\"250\" height=\"52\" srcset=\"https:\/\/mortystv.com\/blog\/wp-content\/uploads\/2021\/09\/program-info-provided-by-tmdb.jpg 353w, https:\/\/mortystv.com\/blog\/wp-content\/uploads\/2021\/09\/program-info-provided-by-tmdb-300x63.jpg 300w, https:\/\/mortystv.com\/blog\/wp-content\/uploads\/2021\/09\/program-info-provided-by-tmdb-350x74.jpg 350w\" sizes=\"(max-width: 250px) 100vw, 250px\" \/><\/a><\/p>\n<div style=\"line-height: .4em;\"><span style=\"white-space: pre-wrap; font: normal 8pt Arial;\">TV &amp; Movie information has been provided by <a href=\"https:\/\/www.themoviedb.org\/\">themoviedb.org<\/a><\/span><\/div>\n<\/div><\/p>\n","protected":false},"excerpt":{"rendered":"<p>Disney+ released a new trailer today for the Latin American Original series &#8220;The Low Tone Club.&#8221; The series, which stars Colombian singer Carlos Vives, will premiere all 10 episodes exclusively on Disney+ on February 22. &#8220;The Low Tone Club&#8221; follows the story of Amaranto Molina (Vives), an unconventional music teacher who starts teaching at a [&hellip;]<\/p>\n","protected":false},"author":1,"featured_media":49247,"comment_status":"open","ping_status":"open","sticky":false,"template":"","format":"standard","meta":{"_acf_changed":false,"jetpack_post_was_ever_published":false,"jnews-multi-image_gallery":[],"jnews_single_post":{"source_name":"","source_url":"","via_name":"","via_url":"","override_template":"0","override":[{"template":"1","single_blog_custom":"","parallax":"1","fullscreen":"1","layout":"right-sidebar","sidebar":"default-sidebar","second_sidebar":"default-sidebar","sticky_sidebar":"1","share_position":"top","share_float_style":"share-monocrhome","show_share_counter":"1","show_view_counter":"0","show_featured":"1","show_post_meta":"1","show_post_author":"1","show_post_author_image":"0","show_post_date":"1","post_date_format":"default","post_date_format_custom":"Y\/m\/d","show_post_category":"1","show_post_reading_time":"0","post_reading_time_wpm":"300","show_zoom_button":"0","zoom_button_out_step":"2","zoom_button_in_step":"3","show_post_tag":"0","show_prev_next_post":"1","show_popup_post":"1","number_popup_post":"1","show_author_box":"0","show_post_related":"1","show_inline_post_related":"0"}],"override_image_size":"0","image_override":[{"single_post_thumbnail_size":"crop-500","single_post_gallery_size":"crop-500"}],"trending_post":"0","trending_post_position":"meta","trending_post_label":"Trending","sponsored_post":"0","sponsored_post_label":"Sponsored by","sponsored_post_name":"","sponsored_post_url":"","sponsored_post_logo_enable":"0","sponsored_post_logo":"","sponsored_post_desc":"","disable_ad":"0"},"jnews_primary_category":{"id":"","hide":""},"footnotes":"","jetpack_publicize_message":"","jetpack_publicize_feature_enabled":true,"jetpack_social_post_already_shared":true,"jetpack_social_options":{"image_generator_settings":{"template":"highway","default_image_id":0,"font":"","enabled":false},"version":2},"_wpas_customize_per_network":false},"categories":[1],"tags":[4352,235,674],"class_list":["post-49246","post","type-post","status-publish","format-standard","has-post-thumbnail","hentry","category-tv_news","tag-latin-music","tag-music","tag-spanish"],"acf":[],"yoast_head":"<!-- This site is optimized with the Yoast SEO Premium plugin v27.1 (Yoast SEO v27.1.1) - https:\/\/yoast.com\/product\/yoast-seo-premium-wordpress\/ -->\n<title>Disney+ Premieres New Trailer for Latin American Original Series &quot;The Low Tone Club&quot; [VIDEO] - Morty&#039;s TV<\/title>\n<meta name=\"robots\" content=\"index, follow, max-snippet:-1, max-image-preview:large, max-video-preview:-1\" \/>\n<link rel=\"canonical\" href=\"https:\/\/mortystv.com\/blog\/2023\/01\/26\/disney-premieres-new-trailer-for-latin-american-original-series-the-low-tone-club-video\/\" \/>\n<meta property=\"og:locale\" content=\"en_US\" \/>\n<meta property=\"og:type\" content=\"article\" \/>\n<meta property=\"og:title\" content=\"Disney+ Premieres New Trailer for Latin American Original Series &quot;The Low Tone Club&quot; [VIDEO]\" \/>\n<meta property=\"og:description\" content=\"Disney+ released a new trailer today for the Latin American Original series &#8220;The Low Tone Club.&#8221; The series, which stars Colombian singer Carlos Vives, will premiere all 10 episodes exclusively on Disney+ on February 22. &#8220;The Low Tone Club&#8221; follows the story of Amaranto Molina (Vives), an unconventional music teacher who starts teaching at a [&hellip;]\" \/>\n<meta property=\"og:url\" content=\"https:\/\/mortystv.com\/blog\/2023\/01\/26\/disney-premieres-new-trailer-for-latin-american-original-series-the-low-tone-club-video\/\" \/>\n<meta property=\"og:site_name\" content=\"Morty&#039;s TV\" \/>\n<meta property=\"article:publisher\" content=\"https:\/\/www.facebook.com\/mortystv\" \/>\n<meta property=\"article:author\" content=\"https:\/\/www.facebook.com\/mortystv\" \/>\n<meta property=\"article:published_time\" content=\"2023-01-26T20:59:47+00:00\" \/>\n<meta property=\"og:image\" content=\"https:\/\/mortystv.com\/blog\/wp-content\/uploads\/2023\/01\/The-Low-Tone-Club.webp\" \/>\n\t<meta property=\"og:image:width\" content=\"555\" \/>\n\t<meta property=\"og:image:height\" content=\"315\" \/>\n\t<meta property=\"og:image:type\" content=\"image\/webp\" \/>\n<meta name=\"author\" content=\"morty\" \/>\n<meta name=\"twitter:card\" content=\"summary_large_image\" \/>\n<meta name=\"twitter:creator\" content=\"@http:\/\/twitter.com\/#!\/mortystv\" \/>\n<meta name=\"twitter:site\" content=\"@mortystv\" \/>\n<meta name=\"twitter:label1\" content=\"Written by\" \/>\n\t<meta name=\"twitter:data1\" content=\"morty\" \/>\n\t<meta name=\"twitter:label2\" content=\"Est. reading time\" \/>\n\t<meta name=\"twitter:data2\" content=\"2 minutes\" \/>\n<script type=\"application\/ld+json\" class=\"yoast-schema-graph\">{\"@context\":\"https:\/\/schema.org\",\"@graph\":[{\"@type\":\"Article\",\"@id\":\"https:\/\/mortystv.com\/blog\/2023\/01\/26\/disney-premieres-new-trailer-for-latin-american-original-series-the-low-tone-club-video\/#article\",\"isPartOf\":{\"@id\":\"https:\/\/mortystv.com\/blog\/2023\/01\/26\/disney-premieres-new-trailer-for-latin-american-original-series-the-low-tone-club-video\/\"},\"author\":{\"name\":\"morty\",\"@id\":\"https:\/\/mortystv.com\/blog\/#\/schema\/person\/ec63b069cf8528fdbe3b63a882c84e55\"},\"headline\":\"Disney+ Premieres New Trailer for Latin American Original Series &#8220;The Low Tone Club&#8221; [VIDEO]\",\"datePublished\":\"2023-01-26T20:59:47+00:00\",\"mainEntityOfPage\":{\"@id\":\"https:\/\/mortystv.com\/blog\/2023\/01\/26\/disney-premieres-new-trailer-for-latin-american-original-series-the-low-tone-club-video\/\"},\"wordCount\":277,\"commentCount\":0,\"publisher\":{\"@id\":\"https:\/\/mortystv.com\/blog\/#organization\"},\"image\":{\"@id\":\"https:\/\/mortystv.com\/blog\/2023\/01\/26\/disney-premieres-new-trailer-for-latin-american-original-series-the-low-tone-club-video\/#primaryimage\"},\"thumbnailUrl\":\"https:\/\/mortystv.com\/blog\/wp-content\/uploads\/2023\/01\/The-Low-Tone-Club.webp\",\"keywords\":[\"Latin music\",\"music\",\"spanish\"],\"articleSection\":[\"TV News\"],\"inLanguage\":\"en-US\",\"potentialAction\":[{\"@type\":\"CommentAction\",\"name\":\"Comment\",\"target\":[\"https:\/\/mortystv.com\/blog\/2023\/01\/26\/disney-premieres-new-trailer-for-latin-american-original-series-the-low-tone-club-video\/#respond\"]}]},{\"@type\":\"WebPage\",\"@id\":\"https:\/\/mortystv.com\/blog\/2023\/01\/26\/disney-premieres-new-trailer-for-latin-american-original-series-the-low-tone-club-video\/\",\"url\":\"https:\/\/mortystv.com\/blog\/2023\/01\/26\/disney-premieres-new-trailer-for-latin-american-original-series-the-low-tone-club-video\/\",\"name\":\"Disney+ Premieres New Trailer for Latin American Original Series \\\"The Low Tone Club\\\" [VIDEO] - Morty&#039;s TV\",\"isPartOf\":{\"@id\":\"https:\/\/mortystv.com\/blog\/#website\"},\"primaryImageOfPage\":{\"@id\":\"https:\/\/mortystv.com\/blog\/2023\/01\/26\/disney-premieres-new-trailer-for-latin-american-original-series-the-low-tone-club-video\/#primaryimage\"},\"image\":{\"@id\":\"https:\/\/mortystv.com\/blog\/2023\/01\/26\/disney-premieres-new-trailer-for-latin-american-original-series-the-low-tone-club-video\/#primaryimage\"},\"thumbnailUrl\":\"https:\/\/mortystv.com\/blog\/wp-content\/uploads\/2023\/01\/The-Low-Tone-Club.webp\",\"datePublished\":\"2023-01-26T20:59:47+00:00\",\"breadcrumb\":{\"@id\":\"https:\/\/mortystv.com\/blog\/2023\/01\/26\/disney-premieres-new-trailer-for-latin-american-original-series-the-low-tone-club-video\/#breadcrumb\"},\"inLanguage\":\"en-US\",\"potentialAction\":[{\"@type\":\"ReadAction\",\"target\":[\"https:\/\/mortystv.com\/blog\/2023\/01\/26\/disney-premieres-new-trailer-for-latin-american-original-series-the-low-tone-club-video\/\"]}]},{\"@type\":\"ImageObject\",\"inLanguage\":\"en-US\",\"@id\":\"https:\/\/mortystv.com\/blog\/2023\/01\/26\/disney-premieres-new-trailer-for-latin-american-original-series-the-low-tone-club-video\/#primaryimage\",\"url\":\"https:\/\/mortystv.com\/blog\/wp-content\/uploads\/2023\/01\/The-Low-Tone-Club.webp\",\"contentUrl\":\"https:\/\/mortystv.com\/blog\/wp-content\/uploads\/2023\/01\/The-Low-Tone-Club.webp\",\"width\":555,\"height\":315},{\"@type\":\"BreadcrumbList\",\"@id\":\"https:\/\/mortystv.com\/blog\/2023\/01\/26\/disney-premieres-new-trailer-for-latin-american-original-series-the-low-tone-club-video\/#breadcrumb\",\"itemListElement\":[{\"@type\":\"ListItem\",\"position\":1,\"name\":\"Home\",\"item\":\"https:\/\/mortystv.com\/blog\/\"},{\"@type\":\"ListItem\",\"position\":2,\"name\":\"Disney+ Premieres New Trailer for Latin American Original Series &#8220;The Low Tone Club&#8221; [VIDEO]\"}]},{\"@type\":\"WebSite\",\"@id\":\"https:\/\/mortystv.com\/blog\/#website\",\"url\":\"https:\/\/mortystv.com\/blog\/\",\"name\":\"Morty's TV\",\"description\":\"TV  News, Big Brother Fan Pages with Daily Updates, and Obits\",\"publisher\":{\"@id\":\"https:\/\/mortystv.com\/blog\/#organization\"},\"potentialAction\":[{\"@type\":\"SearchAction\",\"target\":{\"@type\":\"EntryPoint\",\"urlTemplate\":\"https:\/\/mortystv.com\/blog\/?s={search_term_string}\"},\"query-input\":{\"@type\":\"PropertyValueSpecification\",\"valueRequired\":true,\"valueName\":\"search_term_string\"}}],\"inLanguage\":\"en-US\"},{\"@type\":\"Organization\",\"@id\":\"https:\/\/mortystv.com\/blog\/#organization\",\"name\":\"Morty's TV\",\"url\":\"https:\/\/mortystv.com\/blog\/\",\"logo\":{\"@type\":\"ImageObject\",\"inLanguage\":\"en-US\",\"@id\":\"https:\/\/mortystv.com\/blog\/#\/schema\/logo\/image\/\",\"url\":\"https:\/\/mortystv.com\/blog\/wp-content\/uploads\/2020\/09\/seo-logo.jpg\",\"contentUrl\":\"https:\/\/mortystv.com\/blog\/wp-content\/uploads\/2020\/09\/seo-logo.jpg\",\"width\":1226,\"height\":375,\"caption\":\"Morty's TV\"},\"image\":{\"@id\":\"https:\/\/mortystv.com\/blog\/#\/schema\/logo\/image\/\"},\"sameAs\":[\"https:\/\/www.facebook.com\/mortystv\",\"https:\/\/x.com\/mortystv\",\"https:\/\/www.instagram.com\/mortystv\/\",\"https:\/\/mortystv.bsky.social\/\"]},{\"@type\":\"Person\",\"@id\":\"https:\/\/mortystv.com\/blog\/#\/schema\/person\/ec63b069cf8528fdbe3b63a882c84e55\",\"name\":\"morty\",\"image\":{\"@type\":\"ImageObject\",\"inLanguage\":\"en-US\",\"@id\":\"https:\/\/mortystv.com\/blog\/#\/schema\/person\/image\/\",\"url\":\"https:\/\/secure.gravatar.com\/avatar\/f8d193cd52b136c105466b1a6e275471a201e3f2ef36511576a5b559448768be?s=96&d=mm&r=g\",\"contentUrl\":\"https:\/\/secure.gravatar.com\/avatar\/f8d193cd52b136c105466b1a6e275471a201e3f2ef36511576a5b559448768be?s=96&d=mm&r=g\",\"caption\":\"morty\"},\"description\":\"TV historian and Big Brother fan. Former contributor to The Philadelphia Inquirer TV section.\",\"sameAs\":[\"http:\/\/mortystv.com\",\"https:\/\/www.facebook.com\/mortystv\",\"https:\/\/x.com\/http:\/\/twitter.com\/#!\/mortystv\"],\"url\":\"https:\/\/mortystv.com\/blog\/author\/morty\/\"}]}<\/script>\n<!-- \/ Yoast SEO Premium plugin. -->","yoast_head_json":{"title":"Disney+ Premieres New Trailer for Latin American Original Series \"The Low Tone Club\" [VIDEO] - Morty&#039;s TV","robots":{"index":"index","follow":"follow","max-snippet":"max-snippet:-1","max-image-preview":"max-image-preview:large","max-video-preview":"max-video-preview:-1"},"canonical":"https:\/\/mortystv.com\/blog\/2023\/01\/26\/disney-premieres-new-trailer-for-latin-american-original-series-the-low-tone-club-video\/","og_locale":"en_US","og_type":"article","og_title":"Disney+ Premieres New Trailer for Latin American Original Series \"The Low Tone Club\" [VIDEO]","og_description":"Disney+ released a new trailer today for the Latin American Original series &#8220;The Low Tone Club.&#8221; The series, which stars Colombian singer Carlos Vives, will premiere all 10 episodes exclusively on Disney+ on February 22. &#8220;The Low Tone Club&#8221; follows the story of Amaranto Molina (Vives), an unconventional music teacher who starts teaching at a [&hellip;]","og_url":"https:\/\/mortystv.com\/blog\/2023\/01\/26\/disney-premieres-new-trailer-for-latin-american-original-series-the-low-tone-club-video\/","og_site_name":"Morty&#039;s TV","article_publisher":"https:\/\/www.facebook.com\/mortystv","article_author":"https:\/\/www.facebook.com\/mortystv","article_published_time":"2023-01-26T20:59:47+00:00","og_image":[{"width":555,"height":315,"url":"https:\/\/mortystv.com\/blog\/wp-content\/uploads\/2023\/01\/The-Low-Tone-Club.webp","type":"image\/webp"}],"author":"morty","twitter_card":"summary_large_image","twitter_creator":"@http:\/\/twitter.com\/#!\/mortystv","twitter_site":"@mortystv","twitter_misc":{"Written by":"morty","Est. reading time":"2 minutes"},"schema":{"@context":"https:\/\/schema.org","@graph":[{"@type":"Article","@id":"https:\/\/mortystv.com\/blog\/2023\/01\/26\/disney-premieres-new-trailer-for-latin-american-original-series-the-low-tone-club-video\/#article","isPartOf":{"@id":"https:\/\/mortystv.com\/blog\/2023\/01\/26\/disney-premieres-new-trailer-for-latin-american-original-series-the-low-tone-club-video\/"},"author":{"name":"morty","@id":"https:\/\/mortystv.com\/blog\/#\/schema\/person\/ec63b069cf8528fdbe3b63a882c84e55"},"headline":"Disney+ Premieres New Trailer for Latin American Original Series &#8220;The Low Tone Club&#8221; [VIDEO]","datePublished":"2023-01-26T20:59:47+00:00","mainEntityOfPage":{"@id":"https:\/\/mortystv.com\/blog\/2023\/01\/26\/disney-premieres-new-trailer-for-latin-american-original-series-the-low-tone-club-video\/"},"wordCount":277,"commentCount":0,"publisher":{"@id":"https:\/\/mortystv.com\/blog\/#organization"},"image":{"@id":"https:\/\/mortystv.com\/blog\/2023\/01\/26\/disney-premieres-new-trailer-for-latin-american-original-series-the-low-tone-club-video\/#primaryimage"},"thumbnailUrl":"https:\/\/mortystv.com\/blog\/wp-content\/uploads\/2023\/01\/The-Low-Tone-Club.webp","keywords":["Latin music","music","spanish"],"articleSection":["TV News"],"inLanguage":"en-US","potentialAction":[{"@type":"CommentAction","name":"Comment","target":["https:\/\/mortystv.com\/blog\/2023\/01\/26\/disney-premieres-new-trailer-for-latin-american-original-series-the-low-tone-club-video\/#respond"]}]},{"@type":"WebPage","@id":"https:\/\/mortystv.com\/blog\/2023\/01\/26\/disney-premieres-new-trailer-for-latin-american-original-series-the-low-tone-club-video\/","url":"https:\/\/mortystv.com\/blog\/2023\/01\/26\/disney-premieres-new-trailer-for-latin-american-original-series-the-low-tone-club-video\/","name":"Disney+ Premieres New Trailer for Latin American Original Series \"The Low Tone Club\" [VIDEO] - Morty&#039;s TV","isPartOf":{"@id":"https:\/\/mortystv.com\/blog\/#website"},"primaryImageOfPage":{"@id":"https:\/\/mortystv.com\/blog\/2023\/01\/26\/disney-premieres-new-trailer-for-latin-american-original-series-the-low-tone-club-video\/#primaryimage"},"image":{"@id":"https:\/\/mortystv.com\/blog\/2023\/01\/26\/disney-premieres-new-trailer-for-latin-american-original-series-the-low-tone-club-video\/#primaryimage"},"thumbnailUrl":"https:\/\/mortystv.com\/blog\/wp-content\/uploads\/2023\/01\/The-Low-Tone-Club.webp","datePublished":"2023-01-26T20:59:47+00:00","breadcrumb":{"@id":"https:\/\/mortystv.com\/blog\/2023\/01\/26\/disney-premieres-new-trailer-for-latin-american-original-series-the-low-tone-club-video\/#breadcrumb"},"inLanguage":"en-US","potentialAction":[{"@type":"ReadAction","target":["https:\/\/mortystv.com\/blog\/2023\/01\/26\/disney-premieres-new-trailer-for-latin-american-original-series-the-low-tone-club-video\/"]}]},{"@type":"ImageObject","inLanguage":"en-US","@id":"https:\/\/mortystv.com\/blog\/2023\/01\/26\/disney-premieres-new-trailer-for-latin-american-original-series-the-low-tone-club-video\/#primaryimage","url":"https:\/\/mortystv.com\/blog\/wp-content\/uploads\/2023\/01\/The-Low-Tone-Club.webp","contentUrl":"https:\/\/mortystv.com\/blog\/wp-content\/uploads\/2023\/01\/The-Low-Tone-Club.webp","width":555,"height":315},{"@type":"BreadcrumbList","@id":"https:\/\/mortystv.com\/blog\/2023\/01\/26\/disney-premieres-new-trailer-for-latin-american-original-series-the-low-tone-club-video\/#breadcrumb","itemListElement":[{"@type":"ListItem","position":1,"name":"Home","item":"https:\/\/mortystv.com\/blog\/"},{"@type":"ListItem","position":2,"name":"Disney+ Premieres New Trailer for Latin American Original Series &#8220;The Low Tone Club&#8221; [VIDEO]"}]},{"@type":"WebSite","@id":"https:\/\/mortystv.com\/blog\/#website","url":"https:\/\/mortystv.com\/blog\/","name":"Morty's TV","description":"TV  News, Big Brother Fan Pages with Daily Updates, and Obits","publisher":{"@id":"https:\/\/mortystv.com\/blog\/#organization"},"potentialAction":[{"@type":"SearchAction","target":{"@type":"EntryPoint","urlTemplate":"https:\/\/mortystv.com\/blog\/?s={search_term_string}"},"query-input":{"@type":"PropertyValueSpecification","valueRequired":true,"valueName":"search_term_string"}}],"inLanguage":"en-US"},{"@type":"Organization","@id":"https:\/\/mortystv.com\/blog\/#organization","name":"Morty's TV","url":"https:\/\/mortystv.com\/blog\/","logo":{"@type":"ImageObject","inLanguage":"en-US","@id":"https:\/\/mortystv.com\/blog\/#\/schema\/logo\/image\/","url":"https:\/\/mortystv.com\/blog\/wp-content\/uploads\/2020\/09\/seo-logo.jpg","contentUrl":"https:\/\/mortystv.com\/blog\/wp-content\/uploads\/2020\/09\/seo-logo.jpg","width":1226,"height":375,"caption":"Morty's TV"},"image":{"@id":"https:\/\/mortystv.com\/blog\/#\/schema\/logo\/image\/"},"sameAs":["https:\/\/www.facebook.com\/mortystv","https:\/\/x.com\/mortystv","https:\/\/www.instagram.com\/mortystv\/","https:\/\/mortystv.bsky.social\/"]},{"@type":"Person","@id":"https:\/\/mortystv.com\/blog\/#\/schema\/person\/ec63b069cf8528fdbe3b63a882c84e55","name":"morty","image":{"@type":"ImageObject","inLanguage":"en-US","@id":"https:\/\/mortystv.com\/blog\/#\/schema\/person\/image\/","url":"https:\/\/secure.gravatar.com\/avatar\/f8d193cd52b136c105466b1a6e275471a201e3f2ef36511576a5b559448768be?s=96&d=mm&r=g","contentUrl":"https:\/\/secure.gravatar.com\/avatar\/f8d193cd52b136c105466b1a6e275471a201e3f2ef36511576a5b559448768be?s=96&d=mm&r=g","caption":"morty"},"description":"TV historian and Big Brother fan. Former contributor to The Philadelphia Inquirer TV section.","sameAs":["http:\/\/mortystv.com","https:\/\/www.facebook.com\/mortystv","https:\/\/x.com\/http:\/\/twitter.com\/#!\/mortystv"],"url":"https:\/\/mortystv.com\/blog\/author\/morty\/"}]}},"jetpack_publicize_connections":[],"jetpack_featured_media_url":"https:\/\/mortystv.com\/blog\/wp-content\/uploads\/2023\/01\/The-Low-Tone-Club.webp","jetpack_sharing_enabled":true,"jetpack-related-posts":[{"id":45575,"url":"https:\/\/mortystv.com\/blog\/2022\/11\/11\/disney-premieres-official-trailer-for-latin-american-original-series-the-low-tone-club-streaming-exclusively-on-disney-on-november-30\/","url_meta":{"origin":49246,"position":0},"title":"Disney+ Premieres Official Trailer for Latin American Original Series &#8220;The Low Tone Club&#8221; Streaming Exclusively on Disney+ on November 30","author":"morty","date":"November 11, 2022","format":false,"excerpt":"Disney+ released the first trailer today for the Latin American Original series \"The Low Tone Club.\" The series, which stars Columbian singer Carlos Vives, will premiere exclusively on Disney+ on November 30. \"The Low Tone Club\"\u00a0follows the story of Amaranto Molina (Vives), an unconventional music teacher who starts teaching at\u2026","rel":"","context":"In &quot;TV News&quot;","block_context":{"text":"TV News","link":"https:\/\/mortystv.com\/blog\/category\/tv_news\/"},"img":{"alt_text":"","src":"https:\/\/i0.wp.com\/mortystv.com\/blog\/wp-content\/uploads\/2022\/11\/135720-el-club-de-los-graves-feat.jpg?resize=350%2C200&ssl=1","width":350,"height":200,"srcset":"https:\/\/i0.wp.com\/mortystv.com\/blog\/wp-content\/uploads\/2022\/11\/135720-el-club-de-los-graves-feat.jpg?resize=350%2C200&ssl=1 1x, https:\/\/i0.wp.com\/mortystv.com\/blog\/wp-content\/uploads\/2022\/11\/135720-el-club-de-los-graves-feat.jpg?resize=525%2C300&ssl=1 1.5x"},"classes":[]},{"id":50589,"url":"https:\/\/mortystv.com\/blog\/2023\/02\/22\/latin-american-original-series-the-low-tone-club-now-streaming-exclusively-on-disney-video\/","url_meta":{"origin":49246,"position":1},"title":"Latin American Original Series &#8220;The Low Tone Club&#8221; Now Streaming Exclusively on Disney+ [VIDEO]","author":"morty","date":"February 22, 2023","format":false,"excerpt":"Latin American Original series \"The Low Tone Club,\" which stars Colombian singer Carlos Vives, is now streaming all 10 episodes exclusively on Disney+. \"The Low Tone Club\" follows the story of Amaranto Molina (Vives), an unconventional music teacher who starts teaching at a music school that only encourages students who\u2026","rel":"","context":"In &quot;TV News&quot;","block_context":{"text":"TV News","link":"https:\/\/mortystv.com\/blog\/category\/tv_news\/"},"img":{"alt_text":"","src":"https:\/\/i0.wp.com\/mortystv.com\/blog\/wp-content\/uploads\/2023\/02\/Low-Tone-Club-feat.webp?resize=350%2C200&ssl=1","width":350,"height":200,"srcset":"https:\/\/i0.wp.com\/mortystv.com\/blog\/wp-content\/uploads\/2023\/02\/Low-Tone-Club-feat.webp?resize=350%2C200&ssl=1 1x, https:\/\/i0.wp.com\/mortystv.com\/blog\/wp-content\/uploads\/2023\/02\/Low-Tone-Club-feat.webp?resize=525%2C300&ssl=1 1.5x"},"classes":[]},{"id":59681,"url":"https:\/\/mortystv.com\/blog\/2023\/09\/27\/latin-american-original-series-l-pop-now-streaming-on-disney-video\/","url_meta":{"origin":49246,"position":2},"title":"Latin American Original Series &#8220;L-POP&#8221; Now Streaming on Disney+ [VIDEO]","author":"morty","date":"September 27, 2023","format":false,"excerpt":"All episodes of the Latin American Original series, \"L-POP,\" are now streaming on Disney+. The new series invites audiences to discover the fascinating world of K-pop - the successful genre of Korean pop music that is already a global phenomenon - through a story full of music and dance. \"L-POP\"\u2026","rel":"","context":"In &quot;TV News&quot;","block_context":{"text":"TV News","link":"https:\/\/mortystv.com\/blog\/category\/tv_news\/"},"img":{"alt_text":"","src":"https:\/\/i0.wp.com\/mortystv.com\/blog\/wp-content\/uploads\/2023\/09\/L-POP-feat.webp?resize=350%2C200&ssl=1","width":350,"height":200,"srcset":"https:\/\/i0.wp.com\/mortystv.com\/blog\/wp-content\/uploads\/2023\/09\/L-POP-feat.webp?resize=350%2C200&ssl=1 1x, https:\/\/i0.wp.com\/mortystv.com\/blog\/wp-content\/uploads\/2023\/09\/L-POP-feat.webp?resize=525%2C300&ssl=1 1.5x"},"classes":[]},{"id":44104,"url":"https:\/\/mortystv.com\/blog\/2022\/10\/12\/highly-anticipated-latin-american-original-docu-series-the-montaners-to-premiere-on-disney-november-9th\/","url_meta":{"origin":49246,"position":3},"title":"Highly Anticipated Latin American Original Docu-Series &#8220;The Montaners&#8221; to Premiere on Disney+ November 9th","author":"morty","date":"October 12, 2022","format":false,"excerpt":"Today, Disney+ announced the new Latin American Original docu-series, \"The Montaners,\" will premiere exclusively on November 9th, with the first five episodes. \"The Montaners\" follows the iconic family of the Montaners: Ricardo, Marlene, Mau, Ricky, and Evaluna, and their significant others Stefi, Sara, and Camilo, which have become a veritable\u2026","rel":"","context":"In &quot;TV News&quot;","block_context":{"text":"TV News","link":"https:\/\/mortystv.com\/blog\/category\/tv_news\/"},"img":{"alt_text":"","src":"https:\/\/i0.wp.com\/mortystv.com\/blog\/wp-content\/uploads\/2022\/10\/Montaners.jpg?resize=350%2C200&ssl=1","width":350,"height":200,"srcset":"https:\/\/i0.wp.com\/mortystv.com\/blog\/wp-content\/uploads\/2022\/10\/Montaners.jpg?resize=350%2C200&ssl=1 1x, https:\/\/i0.wp.com\/mortystv.com\/blog\/wp-content\/uploads\/2022\/10\/Montaners.jpg?resize=525%2C300&ssl=1 1.5x"},"classes":[]},{"id":37174,"url":"https:\/\/mortystv.com\/blog\/2022\/05\/13\/new-disney-original-from-latin-america-los-montaner-coming-to-disney-later-this-year-video\/","url_meta":{"origin":49246,"position":4},"title":"New Disney+ Original from Latin America, &#8220;Los Montaner&#8221; Coming to Disney+ Later This Year [VIDEO]","author":"morty","date":"May 13, 2022","format":false,"excerpt":"Coming to Disney+ later this year, \"Los Montaner\" a new Disney+ original documentary series, takes audiences inside the day-to-day life of one of Latin America's most famous families, giving viewers access to the Montaner family's most intimate moments including weddings, births, and celebrations, as well as, providing the audience with\u2026","rel":"","context":"In &quot;TV News&quot;","block_context":{"text":"TV News","link":"https:\/\/mortystv.com\/blog\/category\/tv_news\/"},"img":{"alt_text":"","src":"https:\/\/i0.wp.com\/mortystv.com\/blog\/wp-content\/uploads\/2022\/05\/Los-Montaner.jpg?resize=350%2C200&ssl=1","width":350,"height":200,"srcset":"https:\/\/i0.wp.com\/mortystv.com\/blog\/wp-content\/uploads\/2022\/05\/Los-Montaner.jpg?resize=350%2C200&ssl=1 1x, https:\/\/i0.wp.com\/mortystv.com\/blog\/wp-content\/uploads\/2022\/05\/Los-Montaner.jpg?resize=525%2C300&ssl=1 1.5x"},"classes":[]},{"id":105204,"url":"https:\/\/mortystv.com\/blog\/2025\/09\/09\/shes-ready-to-slay-vampirina-teenage-vampire-official-trailer-video\/","url_meta":{"origin":49246,"position":5},"title":"She&#8217;s Ready to Slay! &#8220;Vampirina: Teenage Vampire&#8221; Official Trailer [VIDEO]","author":"morty","date":"September 9, 2025","format":false,"excerpt":"Today, Disney Branded Television revealed the official trailer for the upcoming original series \"Vampirina: Teenage Vampire.\" The music-driven series premieres on Disney Channel September 12, with all episodes streaming October 15 on Disney+ and Disney Channel On Demand. Also announced, the \"Vampirina: Teenage Vampire Original Soundtrack\" from Walt Disney Records,\u2026","rel":"","context":"In &quot;TV News&quot;","block_context":{"text":"TV News","link":"https:\/\/mortystv.com\/blog\/category\/tv_news\/"},"img":{"alt_text":"","src":"https:\/\/i0.wp.com\/mortystv.com\/blog\/wp-content\/uploads\/2025\/09\/Vampirina-Teenage-Vampire-feat.webp?resize=350%2C200&ssl=1","width":350,"height":200,"srcset":"https:\/\/i0.wp.com\/mortystv.com\/blog\/wp-content\/uploads\/2025\/09\/Vampirina-Teenage-Vampire-feat.webp?resize=350%2C200&ssl=1 1x, https:\/\/i0.wp.com\/mortystv.com\/blog\/wp-content\/uploads\/2025\/09\/Vampirina-Teenage-Vampire-feat.webp?resize=525%2C300&ssl=1 1.5x"},"classes":[]}],"jetpack_likes_enabled":true,"_links":{"self":[{"href":"https:\/\/mortystv.com\/blog\/wp-json\/wp\/v2\/posts\/49246","targetHints":{"allow":["GET"]}}],"collection":[{"href":"https:\/\/mortystv.com\/blog\/wp-json\/wp\/v2\/posts"}],"about":[{"href":"https:\/\/mortystv.com\/blog\/wp-json\/wp\/v2\/types\/post"}],"author":[{"embeddable":true,"href":"https:\/\/mortystv.com\/blog\/wp-json\/wp\/v2\/users\/1"}],"replies":[{"embeddable":true,"href":"https:\/\/mortystv.com\/blog\/wp-json\/wp\/v2\/comments?post=49246"}],"version-history":[{"count":0,"href":"https:\/\/mortystv.com\/blog\/wp-json\/wp\/v2\/posts\/49246\/revisions"}],"wp:featuredmedia":[{"embeddable":true,"href":"https:\/\/mortystv.com\/blog\/wp-json\/wp\/v2\/media\/49247"}],"wp:attachment":[{"href":"https:\/\/mortystv.com\/blog\/wp-json\/wp\/v2\/media?parent=49246"}],"wp:term":[{"taxonomy":"category","embeddable":true,"href":"https:\/\/mortystv.com\/blog\/wp-json\/wp\/v2\/categories?post=49246"},{"taxonomy":"post_tag","embeddable":true,"href":"https:\/\/mortystv.com\/blog\/wp-json\/wp\/v2\/tags?post=49246"}],"curies":[{"name":"wp","href":"https:\/\/api.w.org\/{rel}","templated":true}]}}