{"id":44727,"date":"2022-10-26T18:39:14","date_gmt":"2022-10-26T22:39:14","guid":{"rendered":"https:\/\/mortystv.com\/blog\/?p=44727"},"modified":"2022-10-26T18:39:14","modified_gmt":"2022-10-26T22:39:14","slug":"prime-video-releases-official-trailer-for-the-anticipated-musical-a-grito-herido-video","status":"publish","type":"post","link":"https:\/\/mortystv.com\/blog\/2022\/10\/26\/prime-video-releases-official-trailer-for-the-anticipated-musical-a-grito-herido-video\/","title":{"rendered":"Prime Video Releases Official Trailer for the Anticipated Musical &#8220;A Grito Herido&#8221; [VIDEO]"},"content":{"rendered":"<p>Prime Video today debuted the official trailer for the Colombian Amazon Original, <strong><em>A Grito Herido<\/em><\/strong>, a romantic comedy that follows five friends of different ages and marital status who come together to sing their hearts out. <em>A Grito Herido<\/em> will be available exclusively on Amazon Prime Video in 240 countries and territories worldwide.<\/p>\n<p><span class=\"embed-youtube\" style=\"text-align:center; display: block;\"><iframe class=\"youtube-player\" width=\"640\" height=\"360\" src=\"https:\/\/www.youtube.com\/embed\/KDApUDiKtLQ?version=3&#038;rel=1&#038;showsearch=0&#038;showinfo=1&#038;iv_load_policy=1&#038;fs=1&#038;hl=en-US&#038;autohide=2&#038;wmode=transparent\" allowfullscreen=\"true\" style=\"border:0;\" sandbox=\"allow-scripts allow-same-origin allow-popups allow-presentation allow-popups-to-escape-sandbox\"><\/iframe><\/span><\/p>\n<p>The romantic comedy is led by five powerful characters: Paloma (Jeimy Osorio), Karla (Ver\u00f3nica Orozco), Rocio (Yolanda Rayo), Ana (Diana Angel), and Daniela (Mar\u00eda Elisa Camargo), a close group of friends who meet again at a wedding and after a series of unfortunate events, they end up singing on stage, not knowing how this would change their lives forever.<\/p><div id=\"morty-1894937955\" class=\"morty-content\"><script async src=\"\/\/pagead2.googlesyndication.com\/pagead\/js\/adsbygoogle.js?client=ca-pub-4937602850188786\" crossorigin=\"anonymous\"><\/script><ins class=\"adsbygoogle\" style=\"display:block; text-align:center;\" data-ad-client=\"ca-pub-4937602850188786\" \ndata-ad-slot=\"5227734695\" \ndata-ad-layout=\"in-article\"\ndata-ad-format=\"fluid\" data-full-width-responsive=\"true\"><\/ins>\n<script> \n(adsbygoogle = window.adsbygoogle || []).push({}); \n<\/script>\n<\/div>\n<p><em>A Grito Herido<\/em> is a limited series and is part of a growing list of critically acclaimed local Amazon Original series such as Noticia de un Secuestro, El Ni\u00f1o de Medell\u00edn, Iosi, El Esp\u00eda Arrepentido, Maradona: Sue\u00f1o Bendito, El Presidente, Derbez de Vacaciones, El Juego de las Llaves, De Brutas Nada, along with other Colombian titles such as <em>Gospel, Cochina Envidia, Manes, Perder es Ganar un Poco, La Vida Despu\u00e9s de un Reality, Los Billis, Los Iniciados<\/em> and <em>LOL: Last One Laughing Colombia<\/em>.<\/p>\n<p>Prime Video customers will be able to watch all episodes of<em> A Grito Herido<\/em> on the Prime Video app for smart TVs and mobile devices, as well as via their Claro, Tigo or Movistar mobile and fixed internet subscription, BeMovil prepaid recharge account, and can also stream online. In the Prime Video app, Prime members can download episodes on their mobile devices and tablets and watch anywhere offline at no additional cost. Prime Video is available in Colombia for just $17.900 a month, new customers can find out more at <a href=\"https:\/\/amzn.to\/3TI0YRh\" target=\"_blank\" rel=\"noopener\">primevideo.com<\/a>.<\/p>\n","protected":false},"excerpt":{"rendered":"<p>Prime Video today debuted the official trailer for the Colombian Amazon Original, A Grito Herido, a romantic comedy that follows five friends of different ages and marital status who come together to sing their hearts out. A Grito Herido will be available exclusively on Amazon Prime Video in 240 countries and territories worldwide. The romantic [&hellip;]<\/p>\n","protected":false},"author":1,"featured_media":44728,"comment_status":"open","ping_status":"open","sticky":false,"template":"","format":"standard","meta":{"_acf_changed":false,"jetpack_post_was_ever_published":false,"jnews-multi-image_gallery":[],"jnews_single_post":{"source_name":"","source_url":"","via_name":"","via_url":"","override_template":"0","override":[{"template":"1","single_blog_custom":"","parallax":"1","fullscreen":"1","layout":"right-sidebar","sidebar":"default-sidebar","second_sidebar":"default-sidebar","sticky_sidebar":"1","share_position":"top","share_float_style":"share-monocrhome","show_share_counter":"1","show_view_counter":"0","show_featured":"1","show_post_meta":"1","show_post_author":"1","show_post_author_image":"0","show_post_date":"1","post_date_format":"default","post_date_format_custom":"Y\/m\/d","show_post_category":"1","show_post_reading_time":"0","post_reading_time_wpm":"300","show_zoom_button":"0","zoom_button_out_step":"2","zoom_button_in_step":"3","show_post_tag":"0","show_prev_next_post":"1","show_popup_post":"1","number_popup_post":"1","show_author_box":"0","show_post_related":"1","show_inline_post_related":"0"}],"override_image_size":"0","image_override":[{"single_post_thumbnail_size":"crop-500","single_post_gallery_size":"crop-500"}],"trending_post":"0","trending_post_position":"meta","trending_post_label":"Trending","sponsored_post":"0","sponsored_post_label":"Sponsored by","sponsored_post_name":"","sponsored_post_url":"","sponsored_post_logo_enable":"0","sponsored_post_logo":"","sponsored_post_desc":"","disable_ad":"0"},"jnews_primary_category":{"id":"","hide":""},"footnotes":"","jetpack_publicize_message":"","jetpack_publicize_feature_enabled":true,"jetpack_social_post_already_shared":true,"jetpack_social_options":{"image_generator_settings":{"template":"highway","default_image_id":0,"font":"","enabled":false},"version":2},"_wpas_customize_per_network":false},"categories":[1],"tags":[4208,133],"class_list":["post-44727","post","type-post","status-publish","format-standard","has-post-thumbnail","hentry","category-tv_news","tag-colombian","tag-drama"],"acf":[],"yoast_head":"<!-- This site is optimized with the Yoast SEO Premium plugin v27.1 (Yoast SEO v27.1.1) - https:\/\/yoast.com\/product\/yoast-seo-premium-wordpress\/ -->\n<title>Prime Video Releases Official Trailer for the Anticipated Musical &quot;A Grito Herido&quot; [VIDEO] - Morty&#039;s TV<\/title>\n<meta name=\"robots\" content=\"index, follow, max-snippet:-1, max-image-preview:large, max-video-preview:-1\" \/>\n<link rel=\"canonical\" href=\"https:\/\/mortystv.com\/blog\/2022\/10\/26\/prime-video-releases-official-trailer-for-the-anticipated-musical-a-grito-herido-video\/\" \/>\n<meta property=\"og:locale\" content=\"en_US\" \/>\n<meta property=\"og:type\" content=\"article\" \/>\n<meta property=\"og:title\" content=\"Prime Video Releases Official Trailer for the Anticipated Musical &quot;A Grito Herido&quot; [VIDEO]\" \/>\n<meta property=\"og:description\" content=\"Prime Video today debuted the official trailer for the Colombian Amazon Original, A Grito Herido, a romantic comedy that follows five friends of different ages and marital status who come together to sing their hearts out. A Grito Herido will be available exclusively on Amazon Prime Video in 240 countries and territories worldwide. The romantic [&hellip;]\" \/>\n<meta property=\"og:url\" content=\"https:\/\/mortystv.com\/blog\/2022\/10\/26\/prime-video-releases-official-trailer-for-the-anticipated-musical-a-grito-herido-video\/\" \/>\n<meta property=\"og:site_name\" content=\"Morty&#039;s TV\" \/>\n<meta property=\"article:publisher\" content=\"https:\/\/www.facebook.com\/mortystv\" \/>\n<meta property=\"article:author\" content=\"https:\/\/www.facebook.com\/mortystv\" \/>\n<meta property=\"article:published_time\" content=\"2022-10-26T22:39:14+00:00\" \/>\n<meta property=\"og:image\" content=\"https:\/\/mortystv.com\/blog\/wp-content\/uploads\/2022\/10\/A-Grito-Herido-jpg.webp\" \/>\n\t<meta property=\"og:image:width\" content=\"666\" \/>\n\t<meta property=\"og:image:height\" content=\"375\" \/>\n\t<meta property=\"og:image:type\" content=\"image\/jpeg\" \/>\n<meta name=\"author\" content=\"morty\" \/>\n<meta name=\"twitter:card\" content=\"summary_large_image\" \/>\n<meta name=\"twitter:creator\" content=\"@http:\/\/twitter.com\/#!\/mortystv\" \/>\n<meta name=\"twitter:site\" content=\"@mortystv\" \/>\n<meta name=\"twitter:label1\" content=\"Written by\" \/>\n\t<meta name=\"twitter:data1\" content=\"morty\" \/>\n\t<meta name=\"twitter:label2\" content=\"Est. reading time\" \/>\n\t<meta name=\"twitter:data2\" content=\"2 minutes\" \/>\n<script type=\"application\/ld+json\" class=\"yoast-schema-graph\">{\"@context\":\"https:\/\/schema.org\",\"@graph\":[{\"@type\":\"Article\",\"@id\":\"https:\/\/mortystv.com\/blog\/2022\/10\/26\/prime-video-releases-official-trailer-for-the-anticipated-musical-a-grito-herido-video\/#article\",\"isPartOf\":{\"@id\":\"https:\/\/mortystv.com\/blog\/2022\/10\/26\/prime-video-releases-official-trailer-for-the-anticipated-musical-a-grito-herido-video\/\"},\"author\":{\"name\":\"morty\",\"@id\":\"https:\/\/mortystv.com\/blog\/#\/schema\/person\/ec63b069cf8528fdbe3b63a882c84e55\"},\"headline\":\"Prime Video Releases Official Trailer for the Anticipated Musical &#8220;A Grito Herido&#8221; [VIDEO]\",\"datePublished\":\"2022-10-26T22:39:14+00:00\",\"mainEntityOfPage\":{\"@id\":\"https:\/\/mortystv.com\/blog\/2022\/10\/26\/prime-video-releases-official-trailer-for-the-anticipated-musical-a-grito-herido-video\/\"},\"wordCount\":314,\"commentCount\":0,\"publisher\":{\"@id\":\"https:\/\/mortystv.com\/blog\/#organization\"},\"image\":{\"@id\":\"https:\/\/mortystv.com\/blog\/2022\/10\/26\/prime-video-releases-official-trailer-for-the-anticipated-musical-a-grito-herido-video\/#primaryimage\"},\"thumbnailUrl\":\"https:\/\/mortystv.com\/blog\/wp-content\/uploads\/2022\/10\/A-Grito-Herido-jpg.webp\",\"keywords\":[\"Colombian\",\"drama\"],\"articleSection\":[\"TV News\"],\"inLanguage\":\"en-US\",\"potentialAction\":[{\"@type\":\"CommentAction\",\"name\":\"Comment\",\"target\":[\"https:\/\/mortystv.com\/blog\/2022\/10\/26\/prime-video-releases-official-trailer-for-the-anticipated-musical-a-grito-herido-video\/#respond\"]}]},{\"@type\":\"WebPage\",\"@id\":\"https:\/\/mortystv.com\/blog\/2022\/10\/26\/prime-video-releases-official-trailer-for-the-anticipated-musical-a-grito-herido-video\/\",\"url\":\"https:\/\/mortystv.com\/blog\/2022\/10\/26\/prime-video-releases-official-trailer-for-the-anticipated-musical-a-grito-herido-video\/\",\"name\":\"Prime Video Releases Official Trailer for the Anticipated Musical \\\"A Grito Herido\\\" [VIDEO] - Morty&#039;s TV\",\"isPartOf\":{\"@id\":\"https:\/\/mortystv.com\/blog\/#website\"},\"primaryImageOfPage\":{\"@id\":\"https:\/\/mortystv.com\/blog\/2022\/10\/26\/prime-video-releases-official-trailer-for-the-anticipated-musical-a-grito-herido-video\/#primaryimage\"},\"image\":{\"@id\":\"https:\/\/mortystv.com\/blog\/2022\/10\/26\/prime-video-releases-official-trailer-for-the-anticipated-musical-a-grito-herido-video\/#primaryimage\"},\"thumbnailUrl\":\"https:\/\/mortystv.com\/blog\/wp-content\/uploads\/2022\/10\/A-Grito-Herido-jpg.webp\",\"datePublished\":\"2022-10-26T22:39:14+00:00\",\"breadcrumb\":{\"@id\":\"https:\/\/mortystv.com\/blog\/2022\/10\/26\/prime-video-releases-official-trailer-for-the-anticipated-musical-a-grito-herido-video\/#breadcrumb\"},\"inLanguage\":\"en-US\",\"potentialAction\":[{\"@type\":\"ReadAction\",\"target\":[\"https:\/\/mortystv.com\/blog\/2022\/10\/26\/prime-video-releases-official-trailer-for-the-anticipated-musical-a-grito-herido-video\/\"]}]},{\"@type\":\"ImageObject\",\"inLanguage\":\"en-US\",\"@id\":\"https:\/\/mortystv.com\/blog\/2022\/10\/26\/prime-video-releases-official-trailer-for-the-anticipated-musical-a-grito-herido-video\/#primaryimage\",\"url\":\"https:\/\/mortystv.com\/blog\/wp-content\/uploads\/2022\/10\/A-Grito-Herido-jpg.webp\",\"contentUrl\":\"https:\/\/mortystv.com\/blog\/wp-content\/uploads\/2022\/10\/A-Grito-Herido-jpg.webp\",\"width\":666,\"height\":375},{\"@type\":\"BreadcrumbList\",\"@id\":\"https:\/\/mortystv.com\/blog\/2022\/10\/26\/prime-video-releases-official-trailer-for-the-anticipated-musical-a-grito-herido-video\/#breadcrumb\",\"itemListElement\":[{\"@type\":\"ListItem\",\"position\":1,\"name\":\"Home\",\"item\":\"https:\/\/mortystv.com\/blog\/\"},{\"@type\":\"ListItem\",\"position\":2,\"name\":\"Prime Video Releases Official Trailer for the Anticipated Musical &#8220;A Grito Herido&#8221; [VIDEO]\"}]},{\"@type\":\"WebSite\",\"@id\":\"https:\/\/mortystv.com\/blog\/#website\",\"url\":\"https:\/\/mortystv.com\/blog\/\",\"name\":\"Morty's TV\",\"description\":\"TV  News, Big Brother Fan Pages with Daily Updates, and Obits\",\"publisher\":{\"@id\":\"https:\/\/mortystv.com\/blog\/#organization\"},\"potentialAction\":[{\"@type\":\"SearchAction\",\"target\":{\"@type\":\"EntryPoint\",\"urlTemplate\":\"https:\/\/mortystv.com\/blog\/?s={search_term_string}\"},\"query-input\":{\"@type\":\"PropertyValueSpecification\",\"valueRequired\":true,\"valueName\":\"search_term_string\"}}],\"inLanguage\":\"en-US\"},{\"@type\":\"Organization\",\"@id\":\"https:\/\/mortystv.com\/blog\/#organization\",\"name\":\"Morty's TV\",\"url\":\"https:\/\/mortystv.com\/blog\/\",\"logo\":{\"@type\":\"ImageObject\",\"inLanguage\":\"en-US\",\"@id\":\"https:\/\/mortystv.com\/blog\/#\/schema\/logo\/image\/\",\"url\":\"https:\/\/mortystv.com\/blog\/wp-content\/uploads\/2020\/09\/seo-logo.jpg\",\"contentUrl\":\"https:\/\/mortystv.com\/blog\/wp-content\/uploads\/2020\/09\/seo-logo.jpg\",\"width\":1226,\"height\":375,\"caption\":\"Morty's TV\"},\"image\":{\"@id\":\"https:\/\/mortystv.com\/blog\/#\/schema\/logo\/image\/\"},\"sameAs\":[\"https:\/\/www.facebook.com\/mortystv\",\"https:\/\/x.com\/mortystv\",\"https:\/\/www.instagram.com\/mortystv\/\",\"https:\/\/mortystv.bsky.social\/\"]},{\"@type\":\"Person\",\"@id\":\"https:\/\/mortystv.com\/blog\/#\/schema\/person\/ec63b069cf8528fdbe3b63a882c84e55\",\"name\":\"morty\",\"image\":{\"@type\":\"ImageObject\",\"inLanguage\":\"en-US\",\"@id\":\"https:\/\/mortystv.com\/blog\/#\/schema\/person\/image\/\",\"url\":\"https:\/\/secure.gravatar.com\/avatar\/f8d193cd52b136c105466b1a6e275471a201e3f2ef36511576a5b559448768be?s=96&d=mm&r=g\",\"contentUrl\":\"https:\/\/secure.gravatar.com\/avatar\/f8d193cd52b136c105466b1a6e275471a201e3f2ef36511576a5b559448768be?s=96&d=mm&r=g\",\"caption\":\"morty\"},\"description\":\"TV historian and Big Brother fan. Former contributor to The Philadelphia Inquirer TV section.\",\"sameAs\":[\"http:\/\/mortystv.com\",\"https:\/\/www.facebook.com\/mortystv\",\"https:\/\/x.com\/http:\/\/twitter.com\/#!\/mortystv\"],\"url\":\"https:\/\/mortystv.com\/blog\/author\/morty\/\"}]}<\/script>\n<!-- \/ Yoast SEO Premium plugin. -->","yoast_head_json":{"title":"Prime Video Releases Official Trailer for the Anticipated Musical \"A Grito Herido\" [VIDEO] - Morty&#039;s TV","robots":{"index":"index","follow":"follow","max-snippet":"max-snippet:-1","max-image-preview":"max-image-preview:large","max-video-preview":"max-video-preview:-1"},"canonical":"https:\/\/mortystv.com\/blog\/2022\/10\/26\/prime-video-releases-official-trailer-for-the-anticipated-musical-a-grito-herido-video\/","og_locale":"en_US","og_type":"article","og_title":"Prime Video Releases Official Trailer for the Anticipated Musical \"A Grito Herido\" [VIDEO]","og_description":"Prime Video today debuted the official trailer for the Colombian Amazon Original, A Grito Herido, a romantic comedy that follows five friends of different ages and marital status who come together to sing their hearts out. A Grito Herido will be available exclusively on Amazon Prime Video in 240 countries and territories worldwide. The romantic [&hellip;]","og_url":"https:\/\/mortystv.com\/blog\/2022\/10\/26\/prime-video-releases-official-trailer-for-the-anticipated-musical-a-grito-herido-video\/","og_site_name":"Morty&#039;s TV","article_publisher":"https:\/\/www.facebook.com\/mortystv","article_author":"https:\/\/www.facebook.com\/mortystv","article_published_time":"2022-10-26T22:39:14+00:00","og_image":[{"width":666,"height":375,"url":"https:\/\/mortystv.com\/blog\/wp-content\/uploads\/2022\/10\/A-Grito-Herido-jpg.webp","type":"image\/jpeg"}],"author":"morty","twitter_card":"summary_large_image","twitter_creator":"@http:\/\/twitter.com\/#!\/mortystv","twitter_site":"@mortystv","twitter_misc":{"Written by":"morty","Est. reading time":"2 minutes"},"schema":{"@context":"https:\/\/schema.org","@graph":[{"@type":"Article","@id":"https:\/\/mortystv.com\/blog\/2022\/10\/26\/prime-video-releases-official-trailer-for-the-anticipated-musical-a-grito-herido-video\/#article","isPartOf":{"@id":"https:\/\/mortystv.com\/blog\/2022\/10\/26\/prime-video-releases-official-trailer-for-the-anticipated-musical-a-grito-herido-video\/"},"author":{"name":"morty","@id":"https:\/\/mortystv.com\/blog\/#\/schema\/person\/ec63b069cf8528fdbe3b63a882c84e55"},"headline":"Prime Video Releases Official Trailer for the Anticipated Musical &#8220;A Grito Herido&#8221; [VIDEO]","datePublished":"2022-10-26T22:39:14+00:00","mainEntityOfPage":{"@id":"https:\/\/mortystv.com\/blog\/2022\/10\/26\/prime-video-releases-official-trailer-for-the-anticipated-musical-a-grito-herido-video\/"},"wordCount":314,"commentCount":0,"publisher":{"@id":"https:\/\/mortystv.com\/blog\/#organization"},"image":{"@id":"https:\/\/mortystv.com\/blog\/2022\/10\/26\/prime-video-releases-official-trailer-for-the-anticipated-musical-a-grito-herido-video\/#primaryimage"},"thumbnailUrl":"https:\/\/mortystv.com\/blog\/wp-content\/uploads\/2022\/10\/A-Grito-Herido-jpg.webp","keywords":["Colombian","drama"],"articleSection":["TV News"],"inLanguage":"en-US","potentialAction":[{"@type":"CommentAction","name":"Comment","target":["https:\/\/mortystv.com\/blog\/2022\/10\/26\/prime-video-releases-official-trailer-for-the-anticipated-musical-a-grito-herido-video\/#respond"]}]},{"@type":"WebPage","@id":"https:\/\/mortystv.com\/blog\/2022\/10\/26\/prime-video-releases-official-trailer-for-the-anticipated-musical-a-grito-herido-video\/","url":"https:\/\/mortystv.com\/blog\/2022\/10\/26\/prime-video-releases-official-trailer-for-the-anticipated-musical-a-grito-herido-video\/","name":"Prime Video Releases Official Trailer for the Anticipated Musical \"A Grito Herido\" [VIDEO] - Morty&#039;s TV","isPartOf":{"@id":"https:\/\/mortystv.com\/blog\/#website"},"primaryImageOfPage":{"@id":"https:\/\/mortystv.com\/blog\/2022\/10\/26\/prime-video-releases-official-trailer-for-the-anticipated-musical-a-grito-herido-video\/#primaryimage"},"image":{"@id":"https:\/\/mortystv.com\/blog\/2022\/10\/26\/prime-video-releases-official-trailer-for-the-anticipated-musical-a-grito-herido-video\/#primaryimage"},"thumbnailUrl":"https:\/\/mortystv.com\/blog\/wp-content\/uploads\/2022\/10\/A-Grito-Herido-jpg.webp","datePublished":"2022-10-26T22:39:14+00:00","breadcrumb":{"@id":"https:\/\/mortystv.com\/blog\/2022\/10\/26\/prime-video-releases-official-trailer-for-the-anticipated-musical-a-grito-herido-video\/#breadcrumb"},"inLanguage":"en-US","potentialAction":[{"@type":"ReadAction","target":["https:\/\/mortystv.com\/blog\/2022\/10\/26\/prime-video-releases-official-trailer-for-the-anticipated-musical-a-grito-herido-video\/"]}]},{"@type":"ImageObject","inLanguage":"en-US","@id":"https:\/\/mortystv.com\/blog\/2022\/10\/26\/prime-video-releases-official-trailer-for-the-anticipated-musical-a-grito-herido-video\/#primaryimage","url":"https:\/\/mortystv.com\/blog\/wp-content\/uploads\/2022\/10\/A-Grito-Herido-jpg.webp","contentUrl":"https:\/\/mortystv.com\/blog\/wp-content\/uploads\/2022\/10\/A-Grito-Herido-jpg.webp","width":666,"height":375},{"@type":"BreadcrumbList","@id":"https:\/\/mortystv.com\/blog\/2022\/10\/26\/prime-video-releases-official-trailer-for-the-anticipated-musical-a-grito-herido-video\/#breadcrumb","itemListElement":[{"@type":"ListItem","position":1,"name":"Home","item":"https:\/\/mortystv.com\/blog\/"},{"@type":"ListItem","position":2,"name":"Prime Video Releases Official Trailer for the Anticipated Musical &#8220;A Grito Herido&#8221; [VIDEO]"}]},{"@type":"WebSite","@id":"https:\/\/mortystv.com\/blog\/#website","url":"https:\/\/mortystv.com\/blog\/","name":"Morty's TV","description":"TV  News, Big Brother Fan Pages with Daily Updates, and Obits","publisher":{"@id":"https:\/\/mortystv.com\/blog\/#organization"},"potentialAction":[{"@type":"SearchAction","target":{"@type":"EntryPoint","urlTemplate":"https:\/\/mortystv.com\/blog\/?s={search_term_string}"},"query-input":{"@type":"PropertyValueSpecification","valueRequired":true,"valueName":"search_term_string"}}],"inLanguage":"en-US"},{"@type":"Organization","@id":"https:\/\/mortystv.com\/blog\/#organization","name":"Morty's TV","url":"https:\/\/mortystv.com\/blog\/","logo":{"@type":"ImageObject","inLanguage":"en-US","@id":"https:\/\/mortystv.com\/blog\/#\/schema\/logo\/image\/","url":"https:\/\/mortystv.com\/blog\/wp-content\/uploads\/2020\/09\/seo-logo.jpg","contentUrl":"https:\/\/mortystv.com\/blog\/wp-content\/uploads\/2020\/09\/seo-logo.jpg","width":1226,"height":375,"caption":"Morty's TV"},"image":{"@id":"https:\/\/mortystv.com\/blog\/#\/schema\/logo\/image\/"},"sameAs":["https:\/\/www.facebook.com\/mortystv","https:\/\/x.com\/mortystv","https:\/\/www.instagram.com\/mortystv\/","https:\/\/mortystv.bsky.social\/"]},{"@type":"Person","@id":"https:\/\/mortystv.com\/blog\/#\/schema\/person\/ec63b069cf8528fdbe3b63a882c84e55","name":"morty","image":{"@type":"ImageObject","inLanguage":"en-US","@id":"https:\/\/mortystv.com\/blog\/#\/schema\/person\/image\/","url":"https:\/\/secure.gravatar.com\/avatar\/f8d193cd52b136c105466b1a6e275471a201e3f2ef36511576a5b559448768be?s=96&d=mm&r=g","contentUrl":"https:\/\/secure.gravatar.com\/avatar\/f8d193cd52b136c105466b1a6e275471a201e3f2ef36511576a5b559448768be?s=96&d=mm&r=g","caption":"morty"},"description":"TV historian and Big Brother fan. Former contributor to The Philadelphia Inquirer TV section.","sameAs":["http:\/\/mortystv.com","https:\/\/www.facebook.com\/mortystv","https:\/\/x.com\/http:\/\/twitter.com\/#!\/mortystv"],"url":"https:\/\/mortystv.com\/blog\/author\/morty\/"}]}},"jetpack_publicize_connections":[],"jetpack_featured_media_url":"https:\/\/mortystv.com\/blog\/wp-content\/uploads\/2022\/10\/A-Grito-Herido-jpg.webp","jetpack_sharing_enabled":true,"jetpack-related-posts":[{"id":30281,"url":"https:\/\/mortystv.com\/blog\/2021\/12\/01\/prime-video-releases-official-series-trailer-for-with-love-video\/","url_meta":{"origin":44727,"position":0},"title":"Prime Video Releases Official Series Trailer for &#8220;With Love&#8221; [VIDEO]","author":"morty","date":"December 1, 2021","format":false,"excerpt":"The official trailer for Season One of the new Prime Video series With Love is now available. The multi-holiday romantic comedy series, written and created by Gloria Calder\u00f3n Kellett, follows the Diaz siblings, Lily and Jorge Jr., on a mission to find love and purpose. In each of the five\u2026","rel":"","context":"In &quot;TV News&quot;","block_context":{"text":"TV News","link":"https:\/\/mortystv.com\/blog\/category\/tv_news\/"},"img":{"alt_text":"","src":"https:\/\/i0.wp.com\/mortystv.com\/blog\/wp-content\/uploads\/2021\/12\/with-love.webp?resize=350%2C200&ssl=1","width":350,"height":200,"srcset":"https:\/\/i0.wp.com\/mortystv.com\/blog\/wp-content\/uploads\/2021\/12\/with-love.webp?resize=350%2C200&ssl=1 1x, https:\/\/i0.wp.com\/mortystv.com\/blog\/wp-content\/uploads\/2021\/12\/with-love.webp?resize=525%2C300&ssl=1 1.5x"},"classes":[]},{"id":22828,"url":"https:\/\/mortystv.com\/blog\/2021\/06\/23\/amazon-prime-video-debuts-official-trailer-for-the-pursuit-of-love-video\/","url_meta":{"origin":44727,"position":1},"title":"Amazon Prime Video Debuts Official Trailer for &#8220;The Pursuit of Love&#8221; [VIDEO]","author":"morty","date":"June 23, 2021","format":false,"excerpt":"Amazon Prime Video released the official trailer today for The Pursuit of Love, a moving new romantic comedy-drama that explores friendship, love, and choice in interwar England. Written and directed by Emily Mortimer, all three episodes will premiere on Prime Video on Friday, July 30, in the US, Canada, Australia,\u2026","rel":"","context":"In &quot;TV News&quot;","block_context":{"text":"TV News","link":"https:\/\/mortystv.com\/blog\/category\/tv_news\/"},"img":{"alt_text":"","src":"https:\/\/i0.wp.com\/mortystv.com\/blog\/wp-content\/uploads\/2021\/06\/Pursuit-of-Love.jpg?resize=350%2C200&ssl=1","width":350,"height":200,"srcset":"https:\/\/i0.wp.com\/mortystv.com\/blog\/wp-content\/uploads\/2021\/06\/Pursuit-of-Love.jpg?resize=350%2C200&ssl=1 1x, https:\/\/i0.wp.com\/mortystv.com\/blog\/wp-content\/uploads\/2021\/06\/Pursuit-of-Love.jpg?resize=525%2C300&ssl=1 1.5x"},"classes":[]},{"id":64251,"url":"https:\/\/mortystv.com\/blog\/2024\/01\/16\/official-prime-video-trailer-five-blind-dates-video\/","url_meta":{"origin":44727,"position":2},"title":"Official Prime Video Trailer &#8220;Five Blind Dates&#8221; [VIDEO]","author":"morty","date":"January 16, 2024","format":false,"excerpt":"This Valentine's season, love and destiny will collide \ud83d\udc9e Today, Prime Video released the trailer for the upcoming Australian Original movie Five Blind Dates. The romantic comedy is the first feature film produced locally by Prime Video in Australia. Five Blind Dates is co-created and co-written by actor and influencer\u2026","rel":"","context":"In &quot;TV News&quot;","block_context":{"text":"TV News","link":"https:\/\/mortystv.com\/blog\/category\/tv_news\/"},"img":{"alt_text":"","src":"https:\/\/i0.wp.com\/mortystv.com\/blog\/wp-content\/uploads\/2024\/01\/Five-Blind-Dates.webp?resize=350%2C200&ssl=1","width":350,"height":200,"srcset":"https:\/\/i0.wp.com\/mortystv.com\/blog\/wp-content\/uploads\/2024\/01\/Five-Blind-Dates.webp?resize=350%2C200&ssl=1 1x, https:\/\/i0.wp.com\/mortystv.com\/blog\/wp-content\/uploads\/2024\/01\/Five-Blind-Dates.webp?resize=525%2C300&ssl=1 1.5x"},"classes":[]},{"id":28945,"url":"https:\/\/mortystv.com\/blog\/2021\/11\/03\/official-prime-video-trailer-for-the-new-comedy-series-harlem-video\/","url_meta":{"origin":44727,"position":3},"title":"Official Prime Video Trailer for the New Comedy Series &#8220;Harlem&#8221; [VIDEO]","author":"morty","date":"November 3, 2021","format":false,"excerpt":"The official trailer for Season One of the new series Harlem, from Tracy Oliver of Girls Trip, is now live! The Amazon Original single-camera comedy will premiere Friday, December 3, with all 10 episodes available exclusively on Prime Video in more than 240 countries and territories around the world. Created,\u2026","rel":"","context":"In &quot;TV News&quot;","block_context":{"text":"TV News","link":"https:\/\/mortystv.com\/blog\/category\/tv_news\/"},"img":{"alt_text":"","src":"https:\/\/i0.wp.com\/mortystv.com\/blog\/wp-content\/uploads\/2021\/11\/harlem.webp?resize=350%2C200&ssl=1","width":350,"height":200,"srcset":"https:\/\/i0.wp.com\/mortystv.com\/blog\/wp-content\/uploads\/2021\/11\/harlem.webp?resize=350%2C200&ssl=1 1x, https:\/\/i0.wp.com\/mortystv.com\/blog\/wp-content\/uploads\/2021\/11\/harlem.webp?resize=525%2C300&ssl=1 1.5x"},"classes":[]},{"id":50504,"url":"https:\/\/mortystv.com\/blog\/2023\/02\/21\/school-reunions-can-be-hell-but-theyre-not-the-end-of-the-world-or-are-they-prime-video-releases-the-official-trailer-for-australian-amazon-original-series-class-of-07-video\/","url_meta":{"origin":44727,"position":4},"title":"School Reunions Can Be Hell, but They&#8217;re Not the End of the World &#8211; or Are They? Prime Video Releases the Official Trailer for Australian Amazon Original Series &#8220;Class of &#8217;07&#8221; [VIDEO]","author":"morty","date":"February 21, 2023","format":false,"excerpt":"Today, Prime Video released the official trailer for the Australian Amazon Original series Class of '07, which will premiere exclusively on Prime Video on March 17 globally. Class of '07 is a comedy about a never-ending high school reunion with life-and-death stakes. When an apocalyptic tidal wave hits during the\u2026","rel":"","context":"In &quot;TV News&quot;","block_context":{"text":"TV News","link":"https:\/\/mortystv.com\/blog\/category\/tv_news\/"},"img":{"alt_text":"","src":"https:\/\/i0.wp.com\/mortystv.com\/blog\/wp-content\/uploads\/2023\/02\/Class-of-07.webp?resize=350%2C200&ssl=1","width":350,"height":200,"srcset":"https:\/\/i0.wp.com\/mortystv.com\/blog\/wp-content\/uploads\/2023\/02\/Class-of-07.webp?resize=350%2C200&ssl=1 1x, https:\/\/i0.wp.com\/mortystv.com\/blog\/wp-content\/uploads\/2023\/02\/Class-of-07.webp?resize=525%2C300&ssl=1 1.5x"},"classes":[]},{"id":107769,"url":"https:\/\/mortystv.com\/blog\/2025\/11\/11\/official-prime-video-trailer-for-merv-video\/","url_meta":{"origin":44727,"position":5},"title":"Official Prime Video Trailer for &#8220;Merv&#8221; [VIDEO]","author":"morty","date":"November 11, 2025","format":false,"excerpt":"There's nothing more complicated than a breakup, except when you're sharing a dog. Experience the feel-good comedy MERV, coming December 10 to Prime Video. \u00a0","rel":"","context":"In &quot;TV News&quot;","block_context":{"text":"TV News","link":"https:\/\/mortystv.com\/blog\/category\/tv_news\/"},"img":{"alt_text":"","src":"https:\/\/i0.wp.com\/mortystv.com\/blog\/wp-content\/uploads\/2025\/11\/merv.webp?resize=350%2C200&ssl=1","width":350,"height":200,"srcset":"https:\/\/i0.wp.com\/mortystv.com\/blog\/wp-content\/uploads\/2025\/11\/merv.webp?resize=350%2C200&ssl=1 1x, https:\/\/i0.wp.com\/mortystv.com\/blog\/wp-content\/uploads\/2025\/11\/merv.webp?resize=525%2C300&ssl=1 1.5x"},"classes":[]}],"jetpack_likes_enabled":true,"_links":{"self":[{"href":"https:\/\/mortystv.com\/blog\/wp-json\/wp\/v2\/posts\/44727","targetHints":{"allow":["GET"]}}],"collection":[{"href":"https:\/\/mortystv.com\/blog\/wp-json\/wp\/v2\/posts"}],"about":[{"href":"https:\/\/mortystv.com\/blog\/wp-json\/wp\/v2\/types\/post"}],"author":[{"embeddable":true,"href":"https:\/\/mortystv.com\/blog\/wp-json\/wp\/v2\/users\/1"}],"replies":[{"embeddable":true,"href":"https:\/\/mortystv.com\/blog\/wp-json\/wp\/v2\/comments?post=44727"}],"version-history":[{"count":0,"href":"https:\/\/mortystv.com\/blog\/wp-json\/wp\/v2\/posts\/44727\/revisions"}],"wp:featuredmedia":[{"embeddable":true,"href":"https:\/\/mortystv.com\/blog\/wp-json\/wp\/v2\/media\/44728"}],"wp:attachment":[{"href":"https:\/\/mortystv.com\/blog\/wp-json\/wp\/v2\/media?parent=44727"}],"wp:term":[{"taxonomy":"category","embeddable":true,"href":"https:\/\/mortystv.com\/blog\/wp-json\/wp\/v2\/categories?post=44727"},{"taxonomy":"post_tag","embeddable":true,"href":"https:\/\/mortystv.com\/blog\/wp-json\/wp\/v2\/tags?post=44727"}],"curies":[{"name":"wp","href":"https:\/\/api.w.org\/{rel}","templated":true}]}}