{"id":42645,"date":"2022-09-13T18:19:44","date_gmt":"2022-09-13T22:19:44","guid":{"rendered":"https:\/\/mortystv.com\/blog\/?p=42645"},"modified":"2022-09-13T18:19:44","modified_gmt":"2022-09-13T22:19:44","slug":"abc-news-emmy-nominated-soul-of-a-nation-returns-with-one-hour-special-honoring-three-influential-figures-in-the-hispanic-and-latin-american-community","status":"publish","type":"post","link":"https:\/\/mortystv.com\/blog\/2022\/09\/13\/abc-news-emmy-nominated-soul-of-a-nation-returns-with-one-hour-special-honoring-three-influential-figures-in-the-hispanic-and-latin-american-community\/","title":{"rendered":"ABC News&#8217; Emmy-Nominated &#8220;Soul of a Nation&#8221; Returns with One-Hour Special Honoring Three Influential Figures in the Hispanic and Latin American Community"},"content":{"rendered":"<p>&#8216;<strong><em>Soul of a Nation Presents Mi Gente: Groundbreakers and Changemakers<\/em><\/strong>&#8216; Airs Wednesday, September 14, @ 10PM EDT on ABC<\/p>\n<p><img fetchpriority=\"high\" decoding=\"async\" class=\"aligncenter size-full wp-image-42646\" src=\"https:\/\/mortystv.com\/blog\/wp-content\/uploads\/2022\/09\/Soul-of-a-Nation.jpg\" alt=\"\" width=\"666\" height=\"375\" srcset=\"https:\/\/mortystv.com\/blog\/wp-content\/uploads\/2022\/09\/Soul-of-a-Nation.jpg 666w, https:\/\/mortystv.com\/blog\/wp-content\/uploads\/2022\/09\/Soul-of-a-Nation-300x169.jpg 300w\" sizes=\"(max-width: 666px) 100vw, 666px\" \/>In celebration of Hispanic and Latin American Heritage Month, ABC News&#8217; Emmy-nominated &#8220;<strong><em>Soul of a Nation<\/em><\/strong>&#8221; will present the one-hour primetime special &#8220;<strong><em>Mi Gente: Groundbreakers and Changemakers<\/em><\/strong>,&#8221; spotlighting three key figures in the Hispanic and Latin American community. ABC News contributor Mar\u00eda Elena Salinas sits down with music icon Gloria Estefan to discuss the singer and actress&#8217;s legendary and trailblazing career and how she&#8217;s now making music with her children and grandchildren, continuing her legacy in the industry. Salinas and Estefan also sit down with Estefan&#8217;s grandson as well as her daughter Emily, who talks about her experience of coming out to her family.<\/p><div id=\"morty-368363752\" class=\"morty-content\"><script async src=\"\/\/pagead2.googlesyndication.com\/pagead\/js\/adsbygoogle.js?client=ca-pub-4937602850188786\" crossorigin=\"anonymous\"><\/script><ins class=\"adsbygoogle\" style=\"display:block; text-align:center;\" data-ad-client=\"ca-pub-4937602850188786\" \ndata-ad-slot=\"5227734695\" \ndata-ad-layout=\"in-article\"\ndata-ad-format=\"fluid\" data-full-width-responsive=\"true\"><\/ins>\n<script> \n(adsbygoogle = window.adsbygoogle || []).push({}); \n<\/script>\n<\/div>\n<p>Correspondent John Qui\u00f1ones has an in-depth interview with actor Diego Luna, star of Disney+&#8217;s &#8220;<em>Andor<\/em>,&#8221; a <em>Star Wars<\/em> original series, and the first Latino to have a leading role in the <em>Star Wars<\/em> Galaxy. The actor tells Qui\u00f1ones about starring in and producing the series and his rise to fame.<\/p>\n<p>The special will also debut an exclusive clip from &#8220;<em>Andor<\/em>.&#8221; Correspondent Stephanie Ramos explores the impact and influence of Hispanic and Latin American athletes with Major League Baseball legend and Hall of Famer David Ortiz. Ramos also follows Ortiz as he surprises a group of children in Boston, detailing his visit and the inspiration behind it. &#8220;<em>Soul of a Nation Presents: Mi Gente: Groundbreakers and Changemakers<\/em>&#8221; airs Wednesday, September 14 (10:00-11:00PM EDT), on ABC, next day on Hulu.<\/p>\n<p>&#8220;<em>Soul of a Nation Presents: Mi Gente: Groundbreakers and Changemakers<\/em>&#8221; is executive produced by Catherine McKenzie and Dax Tejera.<\/p>\n<p>Follow &#8220;<em>Soul of a Nation<\/em>&#8221; (#SoulOfANation) on Instagram and Twitter.<\/p><div id=\"morty-2257127686\" class=\"morty-content_2\" style=\"margin-left: auto;margin-right: auto;text-align: center;\"><script async src=\"\/\/pagead2.googlesyndication.com\/pagead\/js\/adsbygoogle.js?client=ca-pub-4937602850188786\" crossorigin=\"anonymous\"><\/script><ins class=\"adsbygoogle\" style=\"display:block; text-align:center;\" data-ad-client=\"ca-pub-4937602850188786\" \ndata-ad-slot=\"5227734695\" \ndata-ad-layout=\"in-article\"\ndata-ad-format=\"fluid\" data-full-width-responsive=\"true\"><\/ins>\n<script> \n(adsbygoogle = window.adsbygoogle || []).push({}); \n<\/script>\n<\/div>\n<p>&nbsp;<\/p>\n","protected":false},"excerpt":{"rendered":"<p>&#8216;Soul of a Nation Presents Mi Gente: Groundbreakers and Changemakers&#8216; Airs Wednesday, September 14, @ 10PM EDT on ABC In celebration of Hispanic and Latin American Heritage Month, ABC News&#8217; Emmy-nominated &#8220;Soul of a Nation&#8221; will present the one-hour primetime special &#8220;Mi Gente: Groundbreakers and Changemakers,&#8221; spotlighting three key figures in the Hispanic and Latin [&hellip;]<\/p>\n","protected":false},"author":1,"featured_media":42646,"comment_status":"open","ping_status":"open","sticky":false,"template":"","format":"standard","meta":{"_acf_changed":false,"jetpack_post_was_ever_published":false,"jnews-multi-image_gallery":[],"jnews_single_post":{"source_name":"","source_url":"","via_name":"","via_url":"","override_template":"0","override":[{"template":"1","single_blog_custom":"","parallax":"1","fullscreen":"1","layout":"right-sidebar","sidebar":"default-sidebar","second_sidebar":"default-sidebar","sticky_sidebar":"1","share_position":"top","share_float_style":"share-monocrhome","show_share_counter":"1","show_view_counter":"0","show_featured":"1","show_post_meta":"1","show_post_author":"1","show_post_author_image":"0","show_post_date":"1","post_date_format":"default","post_date_format_custom":"Y\/m\/d","show_post_category":"1","show_post_reading_time":"0","post_reading_time_wpm":"300","show_zoom_button":"0","zoom_button_out_step":"2","zoom_button_in_step":"3","show_post_tag":"0","show_prev_next_post":"1","show_popup_post":"1","number_popup_post":"1","show_author_box":"0","show_post_related":"1","show_inline_post_related":"0"}],"override_image_size":"0","image_override":[{"single_post_thumbnail_size":"crop-500","single_post_gallery_size":"crop-500"}],"trending_post":"0","trending_post_position":"meta","trending_post_label":"Trending","sponsored_post":"0","sponsored_post_label":"Sponsored by","sponsored_post_name":"","sponsored_post_url":"","sponsored_post_logo_enable":"0","sponsored_post_logo":"","sponsored_post_desc":"","disable_ad":"0"},"jnews_primary_category":{"id":""},"footnotes":"","jetpack_publicize_message":"","jetpack_publicize_feature_enabled":true,"jetpack_social_post_already_shared":true,"jetpack_social_options":{"image_generator_settings":{"template":"highway","default_image_id":0,"font":"","enabled":false},"version":2},"_wpas_customize_per_network":false},"categories":[1],"tags":[1391,3803],"class_list":["post-42645","post","type-post","status-publish","format-standard","has-post-thumbnail","hentry","category-tv_news","tag-current-events","tag-hispanic-and-latino"],"acf":[],"yoast_head":"<!-- This site is optimized with the Yoast SEO Premium plugin v27.1 (Yoast SEO v27.1.1) - https:\/\/yoast.com\/product\/yoast-seo-premium-wordpress\/ -->\n<title>ABC News&#039; Emmy-Nominated &quot;Soul of a Nation&quot; Returns with One-Hour Special Honoring Three Influential Figures in the Hispanic and Latin American Community - Morty&#039;s TV<\/title>\n<meta name=\"robots\" content=\"index, follow, max-snippet:-1, max-image-preview:large, max-video-preview:-1\" \/>\n<link rel=\"canonical\" href=\"https:\/\/mortystv.com\/blog\/2022\/09\/13\/abc-news-emmy-nominated-soul-of-a-nation-returns-with-one-hour-special-honoring-three-influential-figures-in-the-hispanic-and-latin-american-community\/\" \/>\n<meta property=\"og:locale\" content=\"en_US\" \/>\n<meta property=\"og:type\" content=\"article\" \/>\n<meta property=\"og:title\" content=\"ABC News&#039; Emmy-Nominated &quot;Soul of a Nation&quot; Returns with One-Hour Special Honoring Three Influential Figures in the Hispanic and Latin American Community\" \/>\n<meta property=\"og:description\" content=\"&#8216;Soul of a Nation Presents Mi Gente: Groundbreakers and Changemakers&#8216; Airs Wednesday, September 14, @ 10PM EDT on ABC In celebration of Hispanic and Latin American Heritage Month, ABC News&#8217; Emmy-nominated &#8220;Soul of a Nation&#8221; will present the one-hour primetime special &#8220;Mi Gente: Groundbreakers and Changemakers,&#8221; spotlighting three key figures in the Hispanic and Latin [&hellip;]\" \/>\n<meta property=\"og:url\" content=\"https:\/\/mortystv.com\/blog\/2022\/09\/13\/abc-news-emmy-nominated-soul-of-a-nation-returns-with-one-hour-special-honoring-three-influential-figures-in-the-hispanic-and-latin-american-community\/\" \/>\n<meta property=\"og:site_name\" content=\"Morty&#039;s TV\" \/>\n<meta property=\"article:publisher\" content=\"https:\/\/www.facebook.com\/mortystv\" \/>\n<meta property=\"article:author\" content=\"https:\/\/www.facebook.com\/mortystv\" \/>\n<meta property=\"article:published_time\" content=\"2022-09-13T22:19:44+00:00\" \/>\n<meta property=\"og:image\" content=\"https:\/\/mortystv.com\/blog\/wp-content\/uploads\/2022\/09\/Soul-of-a-Nation.jpg\" \/>\n\t<meta property=\"og:image:width\" content=\"666\" \/>\n\t<meta property=\"og:image:height\" content=\"375\" \/>\n\t<meta property=\"og:image:type\" content=\"image\/jpeg\" \/>\n<meta name=\"author\" content=\"morty\" \/>\n<meta name=\"twitter:card\" content=\"summary_large_image\" \/>\n<meta name=\"twitter:creator\" content=\"@http:\/\/twitter.com\/#!\/mortystv\" \/>\n<meta name=\"twitter:site\" content=\"@mortystv\" \/>\n<meta name=\"twitter:label1\" content=\"Written by\" \/>\n\t<meta name=\"twitter:data1\" content=\"morty\" \/>\n\t<meta name=\"twitter:label2\" content=\"Est. reading time\" \/>\n\t<meta name=\"twitter:data2\" content=\"2 minutes\" \/>\n<script type=\"application\/ld+json\" class=\"yoast-schema-graph\">{\"@context\":\"https:\/\/schema.org\",\"@graph\":[{\"@type\":\"Article\",\"@id\":\"https:\/\/mortystv.com\/blog\/2022\/09\/13\/abc-news-emmy-nominated-soul-of-a-nation-returns-with-one-hour-special-honoring-three-influential-figures-in-the-hispanic-and-latin-american-community\/#article\",\"isPartOf\":{\"@id\":\"https:\/\/mortystv.com\/blog\/2022\/09\/13\/abc-news-emmy-nominated-soul-of-a-nation-returns-with-one-hour-special-honoring-three-influential-figures-in-the-hispanic-and-latin-american-community\/\"},\"author\":{\"name\":\"morty\",\"@id\":\"https:\/\/mortystv.com\/blog\/#\/schema\/person\/ec63b069cf8528fdbe3b63a882c84e55\"},\"headline\":\"ABC News&#8217; Emmy-Nominated &#8220;Soul of a Nation&#8221; Returns with One-Hour Special Honoring Three Influential Figures in the Hispanic and Latin American Community\",\"datePublished\":\"2022-09-13T22:19:44+00:00\",\"mainEntityOfPage\":{\"@id\":\"https:\/\/mortystv.com\/blog\/2022\/09\/13\/abc-news-emmy-nominated-soul-of-a-nation-returns-with-one-hour-special-honoring-three-influential-figures-in-the-hispanic-and-latin-american-community\/\"},\"wordCount\":308,\"commentCount\":0,\"publisher\":{\"@id\":\"https:\/\/mortystv.com\/blog\/#organization\"},\"image\":{\"@id\":\"https:\/\/mortystv.com\/blog\/2022\/09\/13\/abc-news-emmy-nominated-soul-of-a-nation-returns-with-one-hour-special-honoring-three-influential-figures-in-the-hispanic-and-latin-american-community\/#primaryimage\"},\"thumbnailUrl\":\"https:\/\/mortystv.com\/blog\/wp-content\/uploads\/2022\/09\/Soul-of-a-Nation.jpg\",\"keywords\":[\"current events\",\"Hispanic and Latino\"],\"articleSection\":[\"TV News\"],\"inLanguage\":\"en-US\",\"potentialAction\":[{\"@type\":\"CommentAction\",\"name\":\"Comment\",\"target\":[\"https:\/\/mortystv.com\/blog\/2022\/09\/13\/abc-news-emmy-nominated-soul-of-a-nation-returns-with-one-hour-special-honoring-three-influential-figures-in-the-hispanic-and-latin-american-community\/#respond\"]}]},{\"@type\":\"WebPage\",\"@id\":\"https:\/\/mortystv.com\/blog\/2022\/09\/13\/abc-news-emmy-nominated-soul-of-a-nation-returns-with-one-hour-special-honoring-three-influential-figures-in-the-hispanic-and-latin-american-community\/\",\"url\":\"https:\/\/mortystv.com\/blog\/2022\/09\/13\/abc-news-emmy-nominated-soul-of-a-nation-returns-with-one-hour-special-honoring-three-influential-figures-in-the-hispanic-and-latin-american-community\/\",\"name\":\"ABC News' Emmy-Nominated \\\"Soul of a Nation\\\" Returns with One-Hour Special Honoring Three Influential Figures in the Hispanic and Latin American Community - Morty&#039;s TV\",\"isPartOf\":{\"@id\":\"https:\/\/mortystv.com\/blog\/#website\"},\"primaryImageOfPage\":{\"@id\":\"https:\/\/mortystv.com\/blog\/2022\/09\/13\/abc-news-emmy-nominated-soul-of-a-nation-returns-with-one-hour-special-honoring-three-influential-figures-in-the-hispanic-and-latin-american-community\/#primaryimage\"},\"image\":{\"@id\":\"https:\/\/mortystv.com\/blog\/2022\/09\/13\/abc-news-emmy-nominated-soul-of-a-nation-returns-with-one-hour-special-honoring-three-influential-figures-in-the-hispanic-and-latin-american-community\/#primaryimage\"},\"thumbnailUrl\":\"https:\/\/mortystv.com\/blog\/wp-content\/uploads\/2022\/09\/Soul-of-a-Nation.jpg\",\"datePublished\":\"2022-09-13T22:19:44+00:00\",\"breadcrumb\":{\"@id\":\"https:\/\/mortystv.com\/blog\/2022\/09\/13\/abc-news-emmy-nominated-soul-of-a-nation-returns-with-one-hour-special-honoring-three-influential-figures-in-the-hispanic-and-latin-american-community\/#breadcrumb\"},\"inLanguage\":\"en-US\",\"potentialAction\":[{\"@type\":\"ReadAction\",\"target\":[\"https:\/\/mortystv.com\/blog\/2022\/09\/13\/abc-news-emmy-nominated-soul-of-a-nation-returns-with-one-hour-special-honoring-three-influential-figures-in-the-hispanic-and-latin-american-community\/\"]}]},{\"@type\":\"ImageObject\",\"inLanguage\":\"en-US\",\"@id\":\"https:\/\/mortystv.com\/blog\/2022\/09\/13\/abc-news-emmy-nominated-soul-of-a-nation-returns-with-one-hour-special-honoring-three-influential-figures-in-the-hispanic-and-latin-american-community\/#primaryimage\",\"url\":\"https:\/\/mortystv.com\/blog\/wp-content\/uploads\/2022\/09\/Soul-of-a-Nation.jpg\",\"contentUrl\":\"https:\/\/mortystv.com\/blog\/wp-content\/uploads\/2022\/09\/Soul-of-a-Nation.jpg\",\"width\":666,\"height\":375},{\"@type\":\"BreadcrumbList\",\"@id\":\"https:\/\/mortystv.com\/blog\/2022\/09\/13\/abc-news-emmy-nominated-soul-of-a-nation-returns-with-one-hour-special-honoring-three-influential-figures-in-the-hispanic-and-latin-american-community\/#breadcrumb\",\"itemListElement\":[{\"@type\":\"ListItem\",\"position\":1,\"name\":\"Home\",\"item\":\"https:\/\/mortystv.com\/blog\/\"},{\"@type\":\"ListItem\",\"position\":2,\"name\":\"ABC News&#8217; Emmy-Nominated &#8220;Soul of a Nation&#8221; Returns with One-Hour Special Honoring Three Influential Figures in the Hispanic and Latin American Community\"}]},{\"@type\":\"WebSite\",\"@id\":\"https:\/\/mortystv.com\/blog\/#website\",\"url\":\"https:\/\/mortystv.com\/blog\/\",\"name\":\"Morty's TV\",\"description\":\"TV  News, Big Brother Fan Pages with Daily Updates, and Obits\",\"publisher\":{\"@id\":\"https:\/\/mortystv.com\/blog\/#organization\"},\"potentialAction\":[{\"@type\":\"SearchAction\",\"target\":{\"@type\":\"EntryPoint\",\"urlTemplate\":\"https:\/\/mortystv.com\/blog\/?s={search_term_string}\"},\"query-input\":{\"@type\":\"PropertyValueSpecification\",\"valueRequired\":true,\"valueName\":\"search_term_string\"}}],\"inLanguage\":\"en-US\"},{\"@type\":\"Organization\",\"@id\":\"https:\/\/mortystv.com\/blog\/#organization\",\"name\":\"Morty's TV\",\"url\":\"https:\/\/mortystv.com\/blog\/\",\"logo\":{\"@type\":\"ImageObject\",\"inLanguage\":\"en-US\",\"@id\":\"https:\/\/mortystv.com\/blog\/#\/schema\/logo\/image\/\",\"url\":\"https:\/\/mortystv.com\/blog\/wp-content\/uploads\/2020\/09\/seo-logo.jpg\",\"contentUrl\":\"https:\/\/mortystv.com\/blog\/wp-content\/uploads\/2020\/09\/seo-logo.jpg\",\"width\":1226,\"height\":375,\"caption\":\"Morty's TV\"},\"image\":{\"@id\":\"https:\/\/mortystv.com\/blog\/#\/schema\/logo\/image\/\"},\"sameAs\":[\"https:\/\/www.facebook.com\/mortystv\",\"https:\/\/x.com\/mortystv\",\"https:\/\/www.instagram.com\/mortystv\/\",\"https:\/\/mortystv.bsky.social\/\"]},{\"@type\":\"Person\",\"@id\":\"https:\/\/mortystv.com\/blog\/#\/schema\/person\/ec63b069cf8528fdbe3b63a882c84e55\",\"name\":\"morty\",\"image\":{\"@type\":\"ImageObject\",\"inLanguage\":\"en-US\",\"@id\":\"https:\/\/mortystv.com\/blog\/#\/schema\/person\/image\/\",\"url\":\"https:\/\/secure.gravatar.com\/avatar\/f8d193cd52b136c105466b1a6e275471a201e3f2ef36511576a5b559448768be?s=96&d=mm&r=g\",\"contentUrl\":\"https:\/\/secure.gravatar.com\/avatar\/f8d193cd52b136c105466b1a6e275471a201e3f2ef36511576a5b559448768be?s=96&d=mm&r=g\",\"caption\":\"morty\"},\"description\":\"TV historian and Big Brother fan. Former contributor to The Philadelphia Inquirer TV section.\",\"sameAs\":[\"http:\/\/mortystv.com\",\"https:\/\/www.facebook.com\/mortystv\",\"https:\/\/x.com\/http:\/\/twitter.com\/#!\/mortystv\"],\"url\":\"https:\/\/mortystv.com\/blog\/author\/morty\/\"}]}<\/script>\n<!-- \/ Yoast SEO Premium plugin. -->","yoast_head_json":{"title":"ABC News' Emmy-Nominated \"Soul of a Nation\" Returns with One-Hour Special Honoring Three Influential Figures in the Hispanic and Latin American Community - Morty&#039;s TV","robots":{"index":"index","follow":"follow","max-snippet":"max-snippet:-1","max-image-preview":"max-image-preview:large","max-video-preview":"max-video-preview:-1"},"canonical":"https:\/\/mortystv.com\/blog\/2022\/09\/13\/abc-news-emmy-nominated-soul-of-a-nation-returns-with-one-hour-special-honoring-three-influential-figures-in-the-hispanic-and-latin-american-community\/","og_locale":"en_US","og_type":"article","og_title":"ABC News' Emmy-Nominated \"Soul of a Nation\" Returns with One-Hour Special Honoring Three Influential Figures in the Hispanic and Latin American Community","og_description":"&#8216;Soul of a Nation Presents Mi Gente: Groundbreakers and Changemakers&#8216; Airs Wednesday, September 14, @ 10PM EDT on ABC In celebration of Hispanic and Latin American Heritage Month, ABC News&#8217; Emmy-nominated &#8220;Soul of a Nation&#8221; will present the one-hour primetime special &#8220;Mi Gente: Groundbreakers and Changemakers,&#8221; spotlighting three key figures in the Hispanic and Latin [&hellip;]","og_url":"https:\/\/mortystv.com\/blog\/2022\/09\/13\/abc-news-emmy-nominated-soul-of-a-nation-returns-with-one-hour-special-honoring-three-influential-figures-in-the-hispanic-and-latin-american-community\/","og_site_name":"Morty&#039;s TV","article_publisher":"https:\/\/www.facebook.com\/mortystv","article_author":"https:\/\/www.facebook.com\/mortystv","article_published_time":"2022-09-13T22:19:44+00:00","og_image":[{"width":666,"height":375,"url":"https:\/\/mortystv.com\/blog\/wp-content\/uploads\/2022\/09\/Soul-of-a-Nation.jpg","type":"image\/jpeg"}],"author":"morty","twitter_card":"summary_large_image","twitter_creator":"@http:\/\/twitter.com\/#!\/mortystv","twitter_site":"@mortystv","twitter_misc":{"Written by":"morty","Est. reading time":"2 minutes"},"schema":{"@context":"https:\/\/schema.org","@graph":[{"@type":"Article","@id":"https:\/\/mortystv.com\/blog\/2022\/09\/13\/abc-news-emmy-nominated-soul-of-a-nation-returns-with-one-hour-special-honoring-three-influential-figures-in-the-hispanic-and-latin-american-community\/#article","isPartOf":{"@id":"https:\/\/mortystv.com\/blog\/2022\/09\/13\/abc-news-emmy-nominated-soul-of-a-nation-returns-with-one-hour-special-honoring-three-influential-figures-in-the-hispanic-and-latin-american-community\/"},"author":{"name":"morty","@id":"https:\/\/mortystv.com\/blog\/#\/schema\/person\/ec63b069cf8528fdbe3b63a882c84e55"},"headline":"ABC News&#8217; Emmy-Nominated &#8220;Soul of a Nation&#8221; Returns with One-Hour Special Honoring Three Influential Figures in the Hispanic and Latin American Community","datePublished":"2022-09-13T22:19:44+00:00","mainEntityOfPage":{"@id":"https:\/\/mortystv.com\/blog\/2022\/09\/13\/abc-news-emmy-nominated-soul-of-a-nation-returns-with-one-hour-special-honoring-three-influential-figures-in-the-hispanic-and-latin-american-community\/"},"wordCount":308,"commentCount":0,"publisher":{"@id":"https:\/\/mortystv.com\/blog\/#organization"},"image":{"@id":"https:\/\/mortystv.com\/blog\/2022\/09\/13\/abc-news-emmy-nominated-soul-of-a-nation-returns-with-one-hour-special-honoring-three-influential-figures-in-the-hispanic-and-latin-american-community\/#primaryimage"},"thumbnailUrl":"https:\/\/mortystv.com\/blog\/wp-content\/uploads\/2022\/09\/Soul-of-a-Nation.jpg","keywords":["current events","Hispanic and Latino"],"articleSection":["TV News"],"inLanguage":"en-US","potentialAction":[{"@type":"CommentAction","name":"Comment","target":["https:\/\/mortystv.com\/blog\/2022\/09\/13\/abc-news-emmy-nominated-soul-of-a-nation-returns-with-one-hour-special-honoring-three-influential-figures-in-the-hispanic-and-latin-american-community\/#respond"]}]},{"@type":"WebPage","@id":"https:\/\/mortystv.com\/blog\/2022\/09\/13\/abc-news-emmy-nominated-soul-of-a-nation-returns-with-one-hour-special-honoring-three-influential-figures-in-the-hispanic-and-latin-american-community\/","url":"https:\/\/mortystv.com\/blog\/2022\/09\/13\/abc-news-emmy-nominated-soul-of-a-nation-returns-with-one-hour-special-honoring-three-influential-figures-in-the-hispanic-and-latin-american-community\/","name":"ABC News' Emmy-Nominated \"Soul of a Nation\" Returns with One-Hour Special Honoring Three Influential Figures in the Hispanic and Latin American Community - Morty&#039;s TV","isPartOf":{"@id":"https:\/\/mortystv.com\/blog\/#website"},"primaryImageOfPage":{"@id":"https:\/\/mortystv.com\/blog\/2022\/09\/13\/abc-news-emmy-nominated-soul-of-a-nation-returns-with-one-hour-special-honoring-three-influential-figures-in-the-hispanic-and-latin-american-community\/#primaryimage"},"image":{"@id":"https:\/\/mortystv.com\/blog\/2022\/09\/13\/abc-news-emmy-nominated-soul-of-a-nation-returns-with-one-hour-special-honoring-three-influential-figures-in-the-hispanic-and-latin-american-community\/#primaryimage"},"thumbnailUrl":"https:\/\/mortystv.com\/blog\/wp-content\/uploads\/2022\/09\/Soul-of-a-Nation.jpg","datePublished":"2022-09-13T22:19:44+00:00","breadcrumb":{"@id":"https:\/\/mortystv.com\/blog\/2022\/09\/13\/abc-news-emmy-nominated-soul-of-a-nation-returns-with-one-hour-special-honoring-three-influential-figures-in-the-hispanic-and-latin-american-community\/#breadcrumb"},"inLanguage":"en-US","potentialAction":[{"@type":"ReadAction","target":["https:\/\/mortystv.com\/blog\/2022\/09\/13\/abc-news-emmy-nominated-soul-of-a-nation-returns-with-one-hour-special-honoring-three-influential-figures-in-the-hispanic-and-latin-american-community\/"]}]},{"@type":"ImageObject","inLanguage":"en-US","@id":"https:\/\/mortystv.com\/blog\/2022\/09\/13\/abc-news-emmy-nominated-soul-of-a-nation-returns-with-one-hour-special-honoring-three-influential-figures-in-the-hispanic-and-latin-american-community\/#primaryimage","url":"https:\/\/mortystv.com\/blog\/wp-content\/uploads\/2022\/09\/Soul-of-a-Nation.jpg","contentUrl":"https:\/\/mortystv.com\/blog\/wp-content\/uploads\/2022\/09\/Soul-of-a-Nation.jpg","width":666,"height":375},{"@type":"BreadcrumbList","@id":"https:\/\/mortystv.com\/blog\/2022\/09\/13\/abc-news-emmy-nominated-soul-of-a-nation-returns-with-one-hour-special-honoring-three-influential-figures-in-the-hispanic-and-latin-american-community\/#breadcrumb","itemListElement":[{"@type":"ListItem","position":1,"name":"Home","item":"https:\/\/mortystv.com\/blog\/"},{"@type":"ListItem","position":2,"name":"ABC News&#8217; Emmy-Nominated &#8220;Soul of a Nation&#8221; Returns with One-Hour Special Honoring Three Influential Figures in the Hispanic and Latin American Community"}]},{"@type":"WebSite","@id":"https:\/\/mortystv.com\/blog\/#website","url":"https:\/\/mortystv.com\/blog\/","name":"Morty's TV","description":"TV  News, Big Brother Fan Pages with Daily Updates, and Obits","publisher":{"@id":"https:\/\/mortystv.com\/blog\/#organization"},"potentialAction":[{"@type":"SearchAction","target":{"@type":"EntryPoint","urlTemplate":"https:\/\/mortystv.com\/blog\/?s={search_term_string}"},"query-input":{"@type":"PropertyValueSpecification","valueRequired":true,"valueName":"search_term_string"}}],"inLanguage":"en-US"},{"@type":"Organization","@id":"https:\/\/mortystv.com\/blog\/#organization","name":"Morty's TV","url":"https:\/\/mortystv.com\/blog\/","logo":{"@type":"ImageObject","inLanguage":"en-US","@id":"https:\/\/mortystv.com\/blog\/#\/schema\/logo\/image\/","url":"https:\/\/mortystv.com\/blog\/wp-content\/uploads\/2020\/09\/seo-logo.jpg","contentUrl":"https:\/\/mortystv.com\/blog\/wp-content\/uploads\/2020\/09\/seo-logo.jpg","width":1226,"height":375,"caption":"Morty's TV"},"image":{"@id":"https:\/\/mortystv.com\/blog\/#\/schema\/logo\/image\/"},"sameAs":["https:\/\/www.facebook.com\/mortystv","https:\/\/x.com\/mortystv","https:\/\/www.instagram.com\/mortystv\/","https:\/\/mortystv.bsky.social\/"]},{"@type":"Person","@id":"https:\/\/mortystv.com\/blog\/#\/schema\/person\/ec63b069cf8528fdbe3b63a882c84e55","name":"morty","image":{"@type":"ImageObject","inLanguage":"en-US","@id":"https:\/\/mortystv.com\/blog\/#\/schema\/person\/image\/","url":"https:\/\/secure.gravatar.com\/avatar\/f8d193cd52b136c105466b1a6e275471a201e3f2ef36511576a5b559448768be?s=96&d=mm&r=g","contentUrl":"https:\/\/secure.gravatar.com\/avatar\/f8d193cd52b136c105466b1a6e275471a201e3f2ef36511576a5b559448768be?s=96&d=mm&r=g","caption":"morty"},"description":"TV historian and Big Brother fan. Former contributor to The Philadelphia Inquirer TV section.","sameAs":["http:\/\/mortystv.com","https:\/\/www.facebook.com\/mortystv","https:\/\/x.com\/http:\/\/twitter.com\/#!\/mortystv"],"url":"https:\/\/mortystv.com\/blog\/author\/morty\/"}]}},"jetpack_publicize_connections":[],"jetpack_featured_media_url":"https:\/\/mortystv.com\/blog\/wp-content\/uploads\/2022\/09\/Soul-of-a-Nation.jpg","jetpack_sharing_enabled":true,"jetpack-related-posts":[{"id":58874,"url":"https:\/\/mortystv.com\/blog\/2023\/09\/12\/abc-news-announces-special-coverage-for-hispanic-and-latin-american-heritage-month\/","url_meta":{"origin":42645,"position":0},"title":"ABC News Announces Special Coverage for Hispanic and Latin American Heritage Month","author":"morty","date":"September 12, 2023","format":false,"excerpt":"In honor of Hispanic and Latin American Heritage Month, ABC News will have dedicated coverage across programs and platforms, including a new primetime special from the Emmy\u00ae Award-winning ABC News Studios series \"Soul of a Nation.\" The new one-hour special - \"The Latin Music Revolution\" - will explore the massive\u2026","rel":"","context":"In &quot;TV News&quot;","block_context":{"text":"TV News","link":"https:\/\/mortystv.com\/blog\/category\/tv_news\/"},"img":{"alt_text":"","src":"https:\/\/i0.wp.com\/mortystv.com\/blog\/wp-content\/uploads\/2023\/09\/Latin-Music-Revolution.webp?resize=350%2C200&ssl=1","width":350,"height":200,"srcset":"https:\/\/i0.wp.com\/mortystv.com\/blog\/wp-content\/uploads\/2023\/09\/Latin-Music-Revolution.webp?resize=350%2C200&ssl=1 1x, https:\/\/i0.wp.com\/mortystv.com\/blog\/wp-content\/uploads\/2023\/09\/Latin-Music-Revolution.webp?resize=525%2C300&ssl=1 1.5x, https:\/\/i0.wp.com\/mortystv.com\/blog\/wp-content\/uploads\/2023\/09\/Latin-Music-Revolution.webp?resize=700%2C400&ssl=1 2x"},"classes":[]},{"id":26397,"url":"https:\/\/mortystv.com\/blog\/2021\/09\/14\/abc-news-soul-of-a-nation-returns-for-hispanic-heritage-month-with-special-corazon-de-america-celebrating-hispanic-culture-a-celebration-of-the-diversity-within-hispanic-culture-and-ident\/","url_meta":{"origin":42645,"position":1},"title":"ABC News&#8217; &#8220;Soul of a Nation&#8221; Returns for Hispanic Heritage Month with Special &#8220;Corazon de America &#8211; Celebrating Hispanic Culture,&#8221; A Celebration of the Diversity Within Hispanic Culture and Identity","author":"morty","date":"September 14, 2021","format":false,"excerpt":"ABC News' Gio Benitez, Sunny Hostin, Alex Perez, John Qui\u00f1ones, Stephanie Ramos, and Cecilia Vega Will Also Lead the Hour Featuring an Interview and Performance by Ozuna 'Coraz\u00f3n de Am\u00e9rica - Celebrating Hispanic Culture' Airs Friday, September 17 @ 8PM, on ABC To celebrate Hispanic Heritage Month, ABC News' groundbreaking\u2026","rel":"","context":"In &quot;TV News&quot;","block_context":{"text":"TV News","link":"https:\/\/mortystv.com\/blog\/category\/tv_news\/"},"img":{"alt_text":"","src":"https:\/\/i0.wp.com\/mortystv.com\/blog\/wp-content\/uploads\/2020\/04\/abc_news-feat.jpg?resize=350%2C200&ssl=1","width":350,"height":200},"classes":[]},{"id":55473,"url":"https:\/\/mortystv.com\/blog\/2023\/06\/15\/abc-news-studios-honors-juneteenth-and-black-music-month-with-a-one-hour-primetime-special-celebrating-the-50th-anniversary-of-hip-hop\/","url_meta":{"origin":42645,"position":2},"title":"ABC News Studios Honors Juneteenth and Black Music Month with a One-Hour Primetime Special Celebrating the 50th Anniversary of Hip-Hop","author":"morty","date":"June 15, 2023","format":false,"excerpt":"ABC News Studios' Emmy\u00ae and GLAAD Award-winning series \"Soul of a Nation\" will celebrate hip-hop's 50th anniversary with a one-hour special, \"Hip-Hop @ 50: Rhythms, Rhymes & Reflections,\" featuring thought-provoking conversations with artists, producers, executives and changemakers in the industry. Honoring Juneteenth and Black Music Month, the primetime special, airing\u2026","rel":"","context":"In &quot;TV News&quot;","block_context":{"text":"TV News","link":"https:\/\/mortystv.com\/blog\/category\/tv_news\/"},"img":{"alt_text":"","src":"https:\/\/i0.wp.com\/mortystv.com\/blog\/wp-content\/uploads\/2022\/09\/Soul-of-a-Nation.jpg?resize=350%2C200&ssl=1","width":350,"height":200,"srcset":"https:\/\/i0.wp.com\/mortystv.com\/blog\/wp-content\/uploads\/2022\/09\/Soul-of-a-Nation.jpg?resize=350%2C200&ssl=1 1x, https:\/\/i0.wp.com\/mortystv.com\/blog\/wp-content\/uploads\/2022\/09\/Soul-of-a-Nation.jpg?resize=525%2C300&ssl=1 1.5x"},"classes":[]},{"id":59068,"url":"https:\/\/mortystv.com\/blog\/2023\/09\/14\/disney-partners-with-film-school-to-create-short-films-in-celebration-of-hispanic-and-latin-american-heritage-month-video\/","url_meta":{"origin":42645,"position":3},"title":"Disney Partners with Film School to Create Short Films in Celebration of Hispanic and Latin American Heritage Month [VIDEO]","author":"morty","date":"September 14, 2023","format":false,"excerpt":"In celebration of Hispanic and Latin American Heritage Month, Disney Entertainment Television (DET) has commissioned four alumni from the award-winning nonprofit Ghetto Film School to create a short film in honor of their Hispanic and Latin American culture. The project, titled \"Yo Recuerdo\/I Remember,\" weaves together four personal vignettes into\u2026","rel":"","context":"In &quot;TV News&quot;","block_context":{"text":"TV News","link":"https:\/\/mortystv.com\/blog\/category\/tv_news\/"},"img":{"alt_text":"","src":"https:\/\/i0.wp.com\/mortystv.com\/blog\/wp-content\/uploads\/2023\/09\/Yo-Recuerdo.webp?resize=350%2C200&ssl=1","width":350,"height":200,"srcset":"https:\/\/i0.wp.com\/mortystv.com\/blog\/wp-content\/uploads\/2023\/09\/Yo-Recuerdo.webp?resize=350%2C200&ssl=1 1x, https:\/\/i0.wp.com\/mortystv.com\/blog\/wp-content\/uploads\/2023\/09\/Yo-Recuerdo.webp?resize=525%2C300&ssl=1 1.5x"},"classes":[]},{"id":54560,"url":"https:\/\/mortystv.com\/blog\/2023\/05\/22\/abc-news-studios-soul-of-a-nation-presents-one-hour-primetime-special-delving-into-the-rise-of-asians-in-hollywood-in-honor-of-asian-american-native-hawaiian-and-pacific-islander-heritage-mon\/","url_meta":{"origin":42645,"position":4},"title":"ABC News Studios&#8217; &#8220;Soul of a Nation&#8221; Presents One-Hour Primetime Special Delving Into the Rise of Asians in Hollywood, in Honor of Asian American, Native Hawaiian, and Pacific Islander Heritage Month","author":"morty","date":"May 22, 2023","format":false,"excerpt":"The Special Features Interviews With Oscar\u00ae-Winning Actors Michelle Yeoh and Ke Huy Quan, Oscar-Winning Producer Jonathan Wang From 'Everything Everywhere All at Once' and Others 'The New Face of Hollywood - A Soul of a Nation Presentation' Airs Friday, May 26 (8:00-9:00PM EDT), Next Day on Hulu ABC News' Emmy\u00ae-Award\u2026","rel":"","context":"In &quot;TV News&quot;","block_context":{"text":"TV News","link":"https:\/\/mortystv.com\/blog\/category\/tv_news\/"},"img":{"alt_text":"","src":"https:\/\/i0.wp.com\/mortystv.com\/blog\/wp-content\/uploads\/2023\/05\/New-Face-of-Hollywood-A-Soul-of-a-Nation-Presentation.webp?resize=350%2C200&ssl=1","width":350,"height":200,"srcset":"https:\/\/i0.wp.com\/mortystv.com\/blog\/wp-content\/uploads\/2023\/05\/New-Face-of-Hollywood-A-Soul-of-a-Nation-Presentation.webp?resize=350%2C200&ssl=1 1x, https:\/\/i0.wp.com\/mortystv.com\/blog\/wp-content\/uploads\/2023\/05\/New-Face-of-Hollywood-A-Soul-of-a-Nation-Presentation.webp?resize=525%2C300&ssl=1 1.5x"},"classes":[]},{"id":109427,"url":"https:\/\/mortystv.com\/blog\/2025\/12\/17\/the-year-2025-to-air-monday-december-29-on-abc-next-day-on-disney-and-hulu-video\/","url_meta":{"origin":42645,"position":5},"title":"&#8220;The Year: 2025&#8221; to Air Monday, December 29, on ABC, Next Day on Disney+ and Hulu [VIDEO]","author":"morty","date":"December 17, 2025","format":false,"excerpt":"What were the defining events of 2025? Who were the breakout stars, heroes, and newsmakers, and the viral trends that had everyone talking? Join \"Good Morning America\" co-anchor Robin Roberts for the 15th annual year-end special \"THE YEAR: 2025,\" airing Monday, December 29 (8:00-10:00PM EST), on ABC, and streaming next\u2026","rel":"","context":"In &quot;TV News&quot;","block_context":{"text":"TV News","link":"https:\/\/mortystv.com\/blog\/category\/tv_news\/"},"img":{"alt_text":"","src":"https:\/\/i0.wp.com\/mortystv.com\/blog\/wp-content\/uploads\/2025\/12\/the-year-2025.webp?resize=350%2C200&ssl=1","width":350,"height":200,"srcset":"https:\/\/i0.wp.com\/mortystv.com\/blog\/wp-content\/uploads\/2025\/12\/the-year-2025.webp?resize=350%2C200&ssl=1 1x, https:\/\/i0.wp.com\/mortystv.com\/blog\/wp-content\/uploads\/2025\/12\/the-year-2025.webp?resize=525%2C300&ssl=1 1.5x"},"classes":[]}],"jetpack_likes_enabled":true,"_links":{"self":[{"href":"https:\/\/mortystv.com\/blog\/wp-json\/wp\/v2\/posts\/42645","targetHints":{"allow":["GET"]}}],"collection":[{"href":"https:\/\/mortystv.com\/blog\/wp-json\/wp\/v2\/posts"}],"about":[{"href":"https:\/\/mortystv.com\/blog\/wp-json\/wp\/v2\/types\/post"}],"author":[{"embeddable":true,"href":"https:\/\/mortystv.com\/blog\/wp-json\/wp\/v2\/users\/1"}],"replies":[{"embeddable":true,"href":"https:\/\/mortystv.com\/blog\/wp-json\/wp\/v2\/comments?post=42645"}],"version-history":[{"count":0,"href":"https:\/\/mortystv.com\/blog\/wp-json\/wp\/v2\/posts\/42645\/revisions"}],"wp:featuredmedia":[{"embeddable":true,"href":"https:\/\/mortystv.com\/blog\/wp-json\/wp\/v2\/media\/42646"}],"wp:attachment":[{"href":"https:\/\/mortystv.com\/blog\/wp-json\/wp\/v2\/media?parent=42645"}],"wp:term":[{"taxonomy":"category","embeddable":true,"href":"https:\/\/mortystv.com\/blog\/wp-json\/wp\/v2\/categories?post=42645"},{"taxonomy":"post_tag","embeddable":true,"href":"https:\/\/mortystv.com\/blog\/wp-json\/wp\/v2\/tags?post=42645"}],"curies":[{"name":"wp","href":"https:\/\/api.w.org\/{rel}","templated":true}]}}