{"id":30707,"date":"2021-12-10T18:55:23","date_gmt":"2021-12-10T23:55:23","guid":{"rendered":"https:\/\/mortystv.com\/blog\/?p=30707"},"modified":"2021-12-10T18:55:23","modified_gmt":"2021-12-10T23:55:23","slug":"acclaimed-amc-drama-halt-and-catch-fire-comes-to-amc-on-december-16","status":"publish","type":"post","link":"https:\/\/mortystv.com\/blog\/2021\/12\/10\/acclaimed-amc-drama-halt-and-catch-fire-comes-to-amc-on-december-16\/","title":{"rendered":"Acclaimed AMC Drama &#8220;Halt and Catch Fire&#8221; Comes to AMC+ on December 16"},"content":{"rendered":"<p><img fetchpriority=\"high\" decoding=\"async\" class=\"aligncenter size-full wp-image-19859\" src=\"https:\/\/mortystv.com\/blog\/wp-content\/uploads\/2021\/04\/AMC-Plus.jpg\" alt=\"\" width=\"650\" height=\"337\" srcset=\"https:\/\/mortystv.com\/blog\/wp-content\/uploads\/2021\/04\/AMC-Plus.jpg 650w, https:\/\/mortystv.com\/blog\/wp-content\/uploads\/2021\/04\/AMC-Plus-300x156.jpg 300w\" sizes=\"(max-width: 650px) 100vw, 650px\" \/>AMC Networks today announced that acclaimed AMC drama &#8220;<strong><em>Halt and Catch Fire<\/em><\/strong>&#8221; is coming to its AMC+ streaming service on December 16. All episodes of the first season of &#8220;Halt&#8221; will be available starting Thursday, December 16 and then a new season will roll out each Thursday over the following three weeks, until all four seasons are available to viewers commercial-free.<\/p>\n<p>The arrival of &#8220;<em>Halt<\/em>&#8221; on AMC+ follows a number of shows that have either been licensed by AMC Networks for the streaming platform or have returned as owned originals after rolling off previous streaming distribution agreements. &#8220;<em>Turn: Washington&#8217;s Spies<\/em>&#8221; was added to AMC+ earlier this month, following previous additions like &#8220;<em>Rectify<\/em>,&#8221; &#8220;<em>Hell on Wheels<\/em>,&#8221; &#8220;<em>Portlandia<\/em>&#8221; and all seasons of &#8220;<em>Mad Men<\/em>,&#8221; the series that marked AMC&#8217;s arrival as the home of iconic original series.<\/p><div id=\"morty-369557901\" class=\"morty-content\"><script async src=\"\/\/pagead2.googlesyndication.com\/pagead\/js\/adsbygoogle.js?client=ca-pub-4937602850188786\" crossorigin=\"anonymous\"><\/script><ins class=\"adsbygoogle\" style=\"display:block; text-align:center;\" data-ad-client=\"ca-pub-4937602850188786\" \ndata-ad-slot=\"5227734695\" \ndata-ad-layout=\"in-article\"\ndata-ad-format=\"fluid\" data-full-width-responsive=\"true\"><\/ins>\n<script> \n(adsbygoogle = window.adsbygoogle || []).push({}); \n<\/script>\n<\/div>\n<p>&#8220;To channel the spirit of Joe MacMillan, streaming services are not the thing, they&#8217;re the thing that gets us to the thing, and we are thrilled that &#8216;<em>Halt and Catch Fire<\/em>&#8216; is now part of our thing on AMC+,&#8221; said Courtney Thomasma, general manager of AMC+. &#8220;We look forward to sharing these unforgettable seasons, along with an expanding array of other beloved series that are both inspiring nostalgic rewatches and being discovered for the first time by viewers on our fast-growing streaming service.&#8221;<\/p>\n<p>&#8220;<em>Halt and Catch Fire<\/em>&#8221; captures the rise of the PC era in the early 1980s, focusing on four primary characters attempting to innovate against the changing backdrop of technology and Texas&#8217; Silicon Prairie. Starring Lee Pace as Joe MacMillan; Scoot McNairy as Gordon Clark; Kerry Bish\u00e9 as Donna Clark; Mackenzie Davis as Cameron Howe. The series also features Toby Huss as John Bosworth. The series has a 90 percent rating on Rotten Tomatoes and its fourth and final season earned a rare 100 percent Rotten Tomatoes score.<\/p>\n<p>Early next year, both seasons of the BBC America series &#8220;<em>Copper<\/em>&#8221; will come to AMC+, kicking off a 2022 that will include final seasons of iconic series &#8220;<em>The Walking Dead<\/em>,&#8221; &#8220;<em>Killing Eve<\/em>&#8221; and &#8220;<em>Better Call Saul<\/em>,&#8221; new originals like the gritty courtroom drama &#8220;<em>61st Street<\/em>,&#8221; &#8220;<em>Dark Winds<\/em>,&#8221; &#8220;<em>Moonhaven<\/em>,&#8221; &#8220;<em>Tales of the Walking Dead<\/em>,&#8221; &#8220;<em>Anne Rice&#8217;s Interview with the Vampire<\/em>&#8221; and &#8220;<em>Anne Rice&#8217;s Mayfair Witches<\/em>,&#8221; and returning favorites like &#8220;<em>Kevin Can F**K Himself<\/em>,&#8221; &#8220;<em>Fear the Walking Dead<\/em>,&#8221; &#8220;<em>Gangs of London<\/em>,&#8221; and others.<\/p>\n<p>Acclaimed AMC Drama &#8220;<em>Halt And Catch Fire<\/em>&#8221; Comes To AMC+ On December 16<\/p><div id=\"morty-1640562008\" class=\"morty-content_2\" style=\"margin-left: auto;margin-right: auto;text-align: center;\"><script async src=\"\/\/pagead2.googlesyndication.com\/pagead\/js\/adsbygoogle.js?client=ca-pub-4937602850188786\" crossorigin=\"anonymous\"><\/script><ins class=\"adsbygoogle\" style=\"display:block; text-align:center;\" data-ad-client=\"ca-pub-4937602850188786\" \ndata-ad-slot=\"5227734695\" \ndata-ad-layout=\"in-article\"\ndata-ad-format=\"fluid\" data-full-width-responsive=\"true\"><\/ins>\n<script> \n(adsbygoogle = window.adsbygoogle || []).push({}); \n<\/script>\n<\/div>\n","protected":false},"excerpt":{"rendered":"<p>AMC Networks today announced that acclaimed AMC drama &#8220;Halt and Catch Fire&#8221; is coming to its AMC+ streaming service on December 16. All episodes of the first season of &#8220;Halt&#8221; will be available starting Thursday, December 16 and then a new season will roll out each Thursday over the following three weeks, until all four [&hellip;]<\/p>\n","protected":false},"author":1,"featured_media":19859,"comment_status":"open","ping_status":"open","sticky":false,"template":"","format":"standard","meta":{"_acf_changed":false,"jetpack_post_was_ever_published":false,"jnews-multi-image_gallery":[],"jnews_single_post":{"source_name":"","source_url":"","via_name":"","via_url":"","override_template":"0","override":[{"template":"1","single_blog_custom":"","parallax":"1","fullscreen":"1","layout":"right-sidebar","sidebar":"default-sidebar","second_sidebar":"default-sidebar","sticky_sidebar":"1","share_position":"top","share_float_style":"share-monocrhome","show_share_counter":"1","show_view_counter":"1","show_featured":"1","show_post_meta":"1","show_post_author":"1","show_post_author_image":"1","show_post_date":"1","post_date_format":"default","post_date_format_custom":"Y\/m\/d","show_post_category":"1","show_post_reading_time":"0","post_reading_time_wpm":"300","show_zoom_button":"0","zoom_button_out_step":"2","zoom_button_in_step":"3","show_post_tag":"1","show_prev_next_post":"1","show_popup_post":"1","number_popup_post":"1","show_author_box":"0","show_post_related":"0","show_inline_post_related":"0"}],"override_image_size":"0","image_override":[{"single_post_thumbnail_size":"crop-500","single_post_gallery_size":"crop-500"}],"trending_post":"0","trending_post_position":"meta","trending_post_label":"Trending","sponsored_post":"0","sponsored_post_label":"Sponsored by","sponsored_post_name":"","sponsored_post_url":"","sponsored_post_logo_enable":"0","sponsored_post_logo":"","sponsored_post_desc":"","disable_ad":"0"},"jnews_primary_category":{"id":""},"footnotes":"","jetpack_publicize_message":"","jetpack_publicize_feature_enabled":true,"jetpack_social_post_already_shared":true,"jetpack_social_options":{"image_generator_settings":{"template":"highway","default_image_id":0,"font":"","enabled":false},"version":2},"_wpas_customize_per_network":false},"categories":[1],"tags":[133],"class_list":["post-30707","post","type-post","status-publish","format-standard","has-post-thumbnail","hentry","category-tv_news","tag-drama"],"acf":[],"yoast_head":"<!-- This site is optimized with the Yoast SEO Premium plugin v27.1 (Yoast SEO v27.1.1) - https:\/\/yoast.com\/product\/yoast-seo-premium-wordpress\/ -->\n<title>Acclaimed AMC Drama &quot;Halt and Catch Fire&quot; Comes to AMC+ on December 16 - Morty&#039;s TV<\/title>\n<meta name=\"robots\" content=\"index, follow, max-snippet:-1, max-image-preview:large, max-video-preview:-1\" \/>\n<link rel=\"canonical\" href=\"https:\/\/mortystv.com\/blog\/2021\/12\/10\/acclaimed-amc-drama-halt-and-catch-fire-comes-to-amc-on-december-16\/\" \/>\n<meta property=\"og:locale\" content=\"en_US\" \/>\n<meta property=\"og:type\" content=\"article\" \/>\n<meta property=\"og:title\" content=\"Acclaimed AMC Drama &quot;Halt and Catch Fire&quot; Comes to AMC+ on December 16\" \/>\n<meta property=\"og:description\" content=\"AMC Networks today announced that acclaimed AMC drama &#8220;Halt and Catch Fire&#8221; is coming to its AMC+ streaming service on December 16. All episodes of the first season of &#8220;Halt&#8221; will be available starting Thursday, December 16 and then a new season will roll out each Thursday over the following three weeks, until all four [&hellip;]\" \/>\n<meta property=\"og:url\" content=\"https:\/\/mortystv.com\/blog\/2021\/12\/10\/acclaimed-amc-drama-halt-and-catch-fire-comes-to-amc-on-december-16\/\" \/>\n<meta property=\"og:site_name\" content=\"Morty&#039;s TV\" \/>\n<meta property=\"article:publisher\" content=\"https:\/\/www.facebook.com\/mortystv\" \/>\n<meta property=\"article:author\" content=\"https:\/\/www.facebook.com\/mortystv\" \/>\n<meta property=\"article:published_time\" content=\"2021-12-10T23:55:23+00:00\" \/>\n<meta property=\"og:image\" content=\"https:\/\/mortystv.com\/blog\/wp-content\/uploads\/2021\/04\/AMC-Plus.jpg\" \/>\n\t<meta property=\"og:image:width\" content=\"650\" \/>\n\t<meta property=\"og:image:height\" content=\"337\" \/>\n\t<meta property=\"og:image:type\" content=\"image\/jpeg\" \/>\n<meta name=\"author\" content=\"morty\" \/>\n<meta name=\"twitter:card\" content=\"summary_large_image\" \/>\n<meta name=\"twitter:creator\" content=\"@http:\/\/twitter.com\/#!\/mortystv\" \/>\n<meta name=\"twitter:site\" content=\"@mortystv\" \/>\n<meta name=\"twitter:label1\" content=\"Written by\" \/>\n\t<meta name=\"twitter:data1\" content=\"morty\" \/>\n\t<meta name=\"twitter:label2\" content=\"Est. reading time\" \/>\n\t<meta name=\"twitter:data2\" content=\"2 minutes\" \/>\n<script type=\"application\/ld+json\" class=\"yoast-schema-graph\">{\"@context\":\"https:\/\/schema.org\",\"@graph\":[{\"@type\":\"Article\",\"@id\":\"https:\/\/mortystv.com\/blog\/2021\/12\/10\/acclaimed-amc-drama-halt-and-catch-fire-comes-to-amc-on-december-16\/#article\",\"isPartOf\":{\"@id\":\"https:\/\/mortystv.com\/blog\/2021\/12\/10\/acclaimed-amc-drama-halt-and-catch-fire-comes-to-amc-on-december-16\/\"},\"author\":{\"name\":\"morty\",\"@id\":\"https:\/\/mortystv.com\/blog\/#\/schema\/person\/ec63b069cf8528fdbe3b63a882c84e55\"},\"headline\":\"Acclaimed AMC Drama &#8220;Halt and Catch Fire&#8221; Comes to AMC+ on December 16\",\"datePublished\":\"2021-12-10T23:55:23+00:00\",\"mainEntityOfPage\":{\"@id\":\"https:\/\/mortystv.com\/blog\/2021\/12\/10\/acclaimed-amc-drama-halt-and-catch-fire-comes-to-amc-on-december-16\/\"},\"wordCount\":406,\"commentCount\":0,\"publisher\":{\"@id\":\"https:\/\/mortystv.com\/blog\/#organization\"},\"image\":{\"@id\":\"https:\/\/mortystv.com\/blog\/2021\/12\/10\/acclaimed-amc-drama-halt-and-catch-fire-comes-to-amc-on-december-16\/#primaryimage\"},\"thumbnailUrl\":\"https:\/\/mortystv.com\/blog\/wp-content\/uploads\/2021\/04\/AMC-Plus.jpg\",\"keywords\":[\"drama\"],\"articleSection\":[\"TV News\"],\"inLanguage\":\"en-US\",\"potentialAction\":[{\"@type\":\"CommentAction\",\"name\":\"Comment\",\"target\":[\"https:\/\/mortystv.com\/blog\/2021\/12\/10\/acclaimed-amc-drama-halt-and-catch-fire-comes-to-amc-on-december-16\/#respond\"]}]},{\"@type\":\"WebPage\",\"@id\":\"https:\/\/mortystv.com\/blog\/2021\/12\/10\/acclaimed-amc-drama-halt-and-catch-fire-comes-to-amc-on-december-16\/\",\"url\":\"https:\/\/mortystv.com\/blog\/2021\/12\/10\/acclaimed-amc-drama-halt-and-catch-fire-comes-to-amc-on-december-16\/\",\"name\":\"Acclaimed AMC Drama \\\"Halt and Catch Fire\\\" Comes to AMC+ on December 16 - Morty&#039;s TV\",\"isPartOf\":{\"@id\":\"https:\/\/mortystv.com\/blog\/#website\"},\"primaryImageOfPage\":{\"@id\":\"https:\/\/mortystv.com\/blog\/2021\/12\/10\/acclaimed-amc-drama-halt-and-catch-fire-comes-to-amc-on-december-16\/#primaryimage\"},\"image\":{\"@id\":\"https:\/\/mortystv.com\/blog\/2021\/12\/10\/acclaimed-amc-drama-halt-and-catch-fire-comes-to-amc-on-december-16\/#primaryimage\"},\"thumbnailUrl\":\"https:\/\/mortystv.com\/blog\/wp-content\/uploads\/2021\/04\/AMC-Plus.jpg\",\"datePublished\":\"2021-12-10T23:55:23+00:00\",\"breadcrumb\":{\"@id\":\"https:\/\/mortystv.com\/blog\/2021\/12\/10\/acclaimed-amc-drama-halt-and-catch-fire-comes-to-amc-on-december-16\/#breadcrumb\"},\"inLanguage\":\"en-US\",\"potentialAction\":[{\"@type\":\"ReadAction\",\"target\":[\"https:\/\/mortystv.com\/blog\/2021\/12\/10\/acclaimed-amc-drama-halt-and-catch-fire-comes-to-amc-on-december-16\/\"]}]},{\"@type\":\"ImageObject\",\"inLanguage\":\"en-US\",\"@id\":\"https:\/\/mortystv.com\/blog\/2021\/12\/10\/acclaimed-amc-drama-halt-and-catch-fire-comes-to-amc-on-december-16\/#primaryimage\",\"url\":\"https:\/\/mortystv.com\/blog\/wp-content\/uploads\/2021\/04\/AMC-Plus.jpg\",\"contentUrl\":\"https:\/\/mortystv.com\/blog\/wp-content\/uploads\/2021\/04\/AMC-Plus.jpg\",\"width\":650,\"height\":337},{\"@type\":\"BreadcrumbList\",\"@id\":\"https:\/\/mortystv.com\/blog\/2021\/12\/10\/acclaimed-amc-drama-halt-and-catch-fire-comes-to-amc-on-december-16\/#breadcrumb\",\"itemListElement\":[{\"@type\":\"ListItem\",\"position\":1,\"name\":\"Home\",\"item\":\"https:\/\/mortystv.com\/blog\/\"},{\"@type\":\"ListItem\",\"position\":2,\"name\":\"Acclaimed AMC Drama &#8220;Halt and Catch Fire&#8221; Comes to AMC+ on December 16\"}]},{\"@type\":\"WebSite\",\"@id\":\"https:\/\/mortystv.com\/blog\/#website\",\"url\":\"https:\/\/mortystv.com\/blog\/\",\"name\":\"Morty's TV\",\"description\":\"TV  News, Big Brother Fan Pages with Daily Updates, and Obits\",\"publisher\":{\"@id\":\"https:\/\/mortystv.com\/blog\/#organization\"},\"potentialAction\":[{\"@type\":\"SearchAction\",\"target\":{\"@type\":\"EntryPoint\",\"urlTemplate\":\"https:\/\/mortystv.com\/blog\/?s={search_term_string}\"},\"query-input\":{\"@type\":\"PropertyValueSpecification\",\"valueRequired\":true,\"valueName\":\"search_term_string\"}}],\"inLanguage\":\"en-US\"},{\"@type\":\"Organization\",\"@id\":\"https:\/\/mortystv.com\/blog\/#organization\",\"name\":\"Morty's TV\",\"url\":\"https:\/\/mortystv.com\/blog\/\",\"logo\":{\"@type\":\"ImageObject\",\"inLanguage\":\"en-US\",\"@id\":\"https:\/\/mortystv.com\/blog\/#\/schema\/logo\/image\/\",\"url\":\"https:\/\/mortystv.com\/blog\/wp-content\/uploads\/2020\/09\/seo-logo.jpg\",\"contentUrl\":\"https:\/\/mortystv.com\/blog\/wp-content\/uploads\/2020\/09\/seo-logo.jpg\",\"width\":1226,\"height\":375,\"caption\":\"Morty's TV\"},\"image\":{\"@id\":\"https:\/\/mortystv.com\/blog\/#\/schema\/logo\/image\/\"},\"sameAs\":[\"https:\/\/www.facebook.com\/mortystv\",\"https:\/\/x.com\/mortystv\",\"https:\/\/www.instagram.com\/mortystv\/\",\"https:\/\/mortystv.bsky.social\/\"]},{\"@type\":\"Person\",\"@id\":\"https:\/\/mortystv.com\/blog\/#\/schema\/person\/ec63b069cf8528fdbe3b63a882c84e55\",\"name\":\"morty\",\"image\":{\"@type\":\"ImageObject\",\"inLanguage\":\"en-US\",\"@id\":\"https:\/\/mortystv.com\/blog\/#\/schema\/person\/image\/\",\"url\":\"https:\/\/secure.gravatar.com\/avatar\/f8d193cd52b136c105466b1a6e275471a201e3f2ef36511576a5b559448768be?s=96&d=mm&r=g\",\"contentUrl\":\"https:\/\/secure.gravatar.com\/avatar\/f8d193cd52b136c105466b1a6e275471a201e3f2ef36511576a5b559448768be?s=96&d=mm&r=g\",\"caption\":\"morty\"},\"description\":\"TV historian and Big Brother fan. Former contributor to The Philadelphia Inquirer TV section.\",\"sameAs\":[\"http:\/\/mortystv.com\",\"https:\/\/www.facebook.com\/mortystv\",\"https:\/\/x.com\/http:\/\/twitter.com\/#!\/mortystv\"],\"url\":\"https:\/\/mortystv.com\/blog\/author\/morty\/\"}]}<\/script>\n<!-- \/ Yoast SEO Premium plugin. -->","yoast_head_json":{"title":"Acclaimed AMC Drama \"Halt and Catch Fire\" Comes to AMC+ on December 16 - Morty&#039;s TV","robots":{"index":"index","follow":"follow","max-snippet":"max-snippet:-1","max-image-preview":"max-image-preview:large","max-video-preview":"max-video-preview:-1"},"canonical":"https:\/\/mortystv.com\/blog\/2021\/12\/10\/acclaimed-amc-drama-halt-and-catch-fire-comes-to-amc-on-december-16\/","og_locale":"en_US","og_type":"article","og_title":"Acclaimed AMC Drama \"Halt and Catch Fire\" Comes to AMC+ on December 16","og_description":"AMC Networks today announced that acclaimed AMC drama &#8220;Halt and Catch Fire&#8221; is coming to its AMC+ streaming service on December 16. All episodes of the first season of &#8220;Halt&#8221; will be available starting Thursday, December 16 and then a new season will roll out each Thursday over the following three weeks, until all four [&hellip;]","og_url":"https:\/\/mortystv.com\/blog\/2021\/12\/10\/acclaimed-amc-drama-halt-and-catch-fire-comes-to-amc-on-december-16\/","og_site_name":"Morty&#039;s TV","article_publisher":"https:\/\/www.facebook.com\/mortystv","article_author":"https:\/\/www.facebook.com\/mortystv","article_published_time":"2021-12-10T23:55:23+00:00","og_image":[{"width":650,"height":337,"url":"https:\/\/mortystv.com\/blog\/wp-content\/uploads\/2021\/04\/AMC-Plus.jpg","type":"image\/jpeg"}],"author":"morty","twitter_card":"summary_large_image","twitter_creator":"@http:\/\/twitter.com\/#!\/mortystv","twitter_site":"@mortystv","twitter_misc":{"Written by":"morty","Est. reading time":"2 minutes"},"schema":{"@context":"https:\/\/schema.org","@graph":[{"@type":"Article","@id":"https:\/\/mortystv.com\/blog\/2021\/12\/10\/acclaimed-amc-drama-halt-and-catch-fire-comes-to-amc-on-december-16\/#article","isPartOf":{"@id":"https:\/\/mortystv.com\/blog\/2021\/12\/10\/acclaimed-amc-drama-halt-and-catch-fire-comes-to-amc-on-december-16\/"},"author":{"name":"morty","@id":"https:\/\/mortystv.com\/blog\/#\/schema\/person\/ec63b069cf8528fdbe3b63a882c84e55"},"headline":"Acclaimed AMC Drama &#8220;Halt and Catch Fire&#8221; Comes to AMC+ on December 16","datePublished":"2021-12-10T23:55:23+00:00","mainEntityOfPage":{"@id":"https:\/\/mortystv.com\/blog\/2021\/12\/10\/acclaimed-amc-drama-halt-and-catch-fire-comes-to-amc-on-december-16\/"},"wordCount":406,"commentCount":0,"publisher":{"@id":"https:\/\/mortystv.com\/blog\/#organization"},"image":{"@id":"https:\/\/mortystv.com\/blog\/2021\/12\/10\/acclaimed-amc-drama-halt-and-catch-fire-comes-to-amc-on-december-16\/#primaryimage"},"thumbnailUrl":"https:\/\/mortystv.com\/blog\/wp-content\/uploads\/2021\/04\/AMC-Plus.jpg","keywords":["drama"],"articleSection":["TV News"],"inLanguage":"en-US","potentialAction":[{"@type":"CommentAction","name":"Comment","target":["https:\/\/mortystv.com\/blog\/2021\/12\/10\/acclaimed-amc-drama-halt-and-catch-fire-comes-to-amc-on-december-16\/#respond"]}]},{"@type":"WebPage","@id":"https:\/\/mortystv.com\/blog\/2021\/12\/10\/acclaimed-amc-drama-halt-and-catch-fire-comes-to-amc-on-december-16\/","url":"https:\/\/mortystv.com\/blog\/2021\/12\/10\/acclaimed-amc-drama-halt-and-catch-fire-comes-to-amc-on-december-16\/","name":"Acclaimed AMC Drama \"Halt and Catch Fire\" Comes to AMC+ on December 16 - Morty&#039;s TV","isPartOf":{"@id":"https:\/\/mortystv.com\/blog\/#website"},"primaryImageOfPage":{"@id":"https:\/\/mortystv.com\/blog\/2021\/12\/10\/acclaimed-amc-drama-halt-and-catch-fire-comes-to-amc-on-december-16\/#primaryimage"},"image":{"@id":"https:\/\/mortystv.com\/blog\/2021\/12\/10\/acclaimed-amc-drama-halt-and-catch-fire-comes-to-amc-on-december-16\/#primaryimage"},"thumbnailUrl":"https:\/\/mortystv.com\/blog\/wp-content\/uploads\/2021\/04\/AMC-Plus.jpg","datePublished":"2021-12-10T23:55:23+00:00","breadcrumb":{"@id":"https:\/\/mortystv.com\/blog\/2021\/12\/10\/acclaimed-amc-drama-halt-and-catch-fire-comes-to-amc-on-december-16\/#breadcrumb"},"inLanguage":"en-US","potentialAction":[{"@type":"ReadAction","target":["https:\/\/mortystv.com\/blog\/2021\/12\/10\/acclaimed-amc-drama-halt-and-catch-fire-comes-to-amc-on-december-16\/"]}]},{"@type":"ImageObject","inLanguage":"en-US","@id":"https:\/\/mortystv.com\/blog\/2021\/12\/10\/acclaimed-amc-drama-halt-and-catch-fire-comes-to-amc-on-december-16\/#primaryimage","url":"https:\/\/mortystv.com\/blog\/wp-content\/uploads\/2021\/04\/AMC-Plus.jpg","contentUrl":"https:\/\/mortystv.com\/blog\/wp-content\/uploads\/2021\/04\/AMC-Plus.jpg","width":650,"height":337},{"@type":"BreadcrumbList","@id":"https:\/\/mortystv.com\/blog\/2021\/12\/10\/acclaimed-amc-drama-halt-and-catch-fire-comes-to-amc-on-december-16\/#breadcrumb","itemListElement":[{"@type":"ListItem","position":1,"name":"Home","item":"https:\/\/mortystv.com\/blog\/"},{"@type":"ListItem","position":2,"name":"Acclaimed AMC Drama &#8220;Halt and Catch Fire&#8221; Comes to AMC+ on December 16"}]},{"@type":"WebSite","@id":"https:\/\/mortystv.com\/blog\/#website","url":"https:\/\/mortystv.com\/blog\/","name":"Morty's TV","description":"TV  News, Big Brother Fan Pages with Daily Updates, and Obits","publisher":{"@id":"https:\/\/mortystv.com\/blog\/#organization"},"potentialAction":[{"@type":"SearchAction","target":{"@type":"EntryPoint","urlTemplate":"https:\/\/mortystv.com\/blog\/?s={search_term_string}"},"query-input":{"@type":"PropertyValueSpecification","valueRequired":true,"valueName":"search_term_string"}}],"inLanguage":"en-US"},{"@type":"Organization","@id":"https:\/\/mortystv.com\/blog\/#organization","name":"Morty's TV","url":"https:\/\/mortystv.com\/blog\/","logo":{"@type":"ImageObject","inLanguage":"en-US","@id":"https:\/\/mortystv.com\/blog\/#\/schema\/logo\/image\/","url":"https:\/\/mortystv.com\/blog\/wp-content\/uploads\/2020\/09\/seo-logo.jpg","contentUrl":"https:\/\/mortystv.com\/blog\/wp-content\/uploads\/2020\/09\/seo-logo.jpg","width":1226,"height":375,"caption":"Morty's TV"},"image":{"@id":"https:\/\/mortystv.com\/blog\/#\/schema\/logo\/image\/"},"sameAs":["https:\/\/www.facebook.com\/mortystv","https:\/\/x.com\/mortystv","https:\/\/www.instagram.com\/mortystv\/","https:\/\/mortystv.bsky.social\/"]},{"@type":"Person","@id":"https:\/\/mortystv.com\/blog\/#\/schema\/person\/ec63b069cf8528fdbe3b63a882c84e55","name":"morty","image":{"@type":"ImageObject","inLanguage":"en-US","@id":"https:\/\/mortystv.com\/blog\/#\/schema\/person\/image\/","url":"https:\/\/secure.gravatar.com\/avatar\/f8d193cd52b136c105466b1a6e275471a201e3f2ef36511576a5b559448768be?s=96&d=mm&r=g","contentUrl":"https:\/\/secure.gravatar.com\/avatar\/f8d193cd52b136c105466b1a6e275471a201e3f2ef36511576a5b559448768be?s=96&d=mm&r=g","caption":"morty"},"description":"TV historian and Big Brother fan. Former contributor to The Philadelphia Inquirer TV section.","sameAs":["http:\/\/mortystv.com","https:\/\/www.facebook.com\/mortystv","https:\/\/x.com\/http:\/\/twitter.com\/#!\/mortystv"],"url":"https:\/\/mortystv.com\/blog\/author\/morty\/"}]}},"jetpack_publicize_connections":[],"jetpack_featured_media_url":"https:\/\/mortystv.com\/blog\/wp-content\/uploads\/2021\/04\/AMC-Plus.jpg","jetpack_sharing_enabled":true,"jetpack-related-posts":[{"id":109445,"url":"https:\/\/mortystv.com\/blog\/2025\/12\/17\/season-three-of-the-critically-acclaimed-crime-drama-gangs-of-london-starring-sope-dirisu-and-joe-cole-makes-its-streaming-debut-thursday-january-15-on-amc-video\/","url_meta":{"origin":30707,"position":0},"title":"Season Three of the Critically Acclaimed Crime Drama &#8220;Gangs of London,&#8221; Starring Sope Dirisu and Joe Cole, Makes Its Streaming Debut Thursday, January 15 on AMC+ [VIDEO]","author":"morty","date":"December 17, 2025","format":false,"excerpt":"AMC+ and Sky released today an all-new trailer and key art for the highly anticipated third season of\u00a0Gangs of London. The eight-episode season, produced by VICE Studios, will see \u1e62\u1ecdp\u1eb9\u0301\u202fD\u00ecr\u00eds\u00f9\u202fand\u202fJoe Cole reprise their starring roles as Elliot Carter and Sean Wallace, and will pick up from the cliff-hanger ending of\u2026","rel":"","context":"In &quot;TV News&quot;","block_context":{"text":"TV News","link":"https:\/\/mortystv.com\/blog\/category\/tv_news\/"},"img":{"alt_text":"","src":"https:\/\/i0.wp.com\/mortystv.com\/blog\/wp-content\/uploads\/2025\/12\/Gangs-of-London-20251217.webp?resize=350%2C200&ssl=1","width":350,"height":200,"srcset":"https:\/\/i0.wp.com\/mortystv.com\/blog\/wp-content\/uploads\/2025\/12\/Gangs-of-London-20251217.webp?resize=350%2C200&ssl=1 1x, https:\/\/i0.wp.com\/mortystv.com\/blog\/wp-content\/uploads\/2025\/12\/Gangs-of-London-20251217.webp?resize=525%2C300&ssl=1 1.5x"},"classes":[]},{"id":101229,"url":"https:\/\/mortystv.com\/blog\/2025\/06\/02\/amc-networks-shares-updates-on-the-anne-rice-immortal-universe-at-atx-tv-festival\/","url_meta":{"origin":30707,"position":1},"title":"AMC Networks Shares Updates on the Anne Rice Immortal Universe at ATX TV Festival","author":"morty","date":"June 2, 2025","format":false,"excerpt":"Today, at ATX TV Festival, AMC Networks presented a panel featuring executive producers from all three series within its Anne Rice Immortal Universe, giving attendees a look inside the interconnected, supernatural world of Anne Rice on AMC and AMC+, sharing production and casting updates and a first look at the\u2026","rel":"","context":"In &quot;TV News&quot;","block_context":{"text":"TV News","link":"https:\/\/mortystv.com\/blog\/category\/tv_news\/"},"img":{"alt_text":"","src":"https:\/\/i0.wp.com\/mortystv.com\/blog\/wp-content\/uploads\/2025\/06\/Anne-Rice-20250530b.webp?resize=350%2C200&ssl=1","width":350,"height":200,"srcset":"https:\/\/i0.wp.com\/mortystv.com\/blog\/wp-content\/uploads\/2025\/06\/Anne-Rice-20250530b.webp?resize=350%2C200&ssl=1 1x, https:\/\/i0.wp.com\/mortystv.com\/blog\/wp-content\/uploads\/2025\/06\/Anne-Rice-20250530b.webp?resize=525%2C300&ssl=1 1.5x, https:\/\/i0.wp.com\/mortystv.com\/blog\/wp-content\/uploads\/2025\/06\/Anne-Rice-20250530b.webp?resize=700%2C400&ssl=1 2x"},"classes":[]},{"id":103743,"url":"https:\/\/mortystv.com\/blog\/2025\/07\/28\/amc-networks-and-fender-team-up-on-capsule-collection-of-custom-stratocaster-guitars-to-be-featured-in-new-season-of-the-critically-acclaimed-series-anne-rices-interview-with-the-vampire\/","url_meta":{"origin":30707,"position":2},"title":"AMC Networks and Fender Team Up on Capsule Collection of Custom Stratocaster Guitars to Be Featured in New Season of the Critically Acclaimed Series &#8220;Anne Rice&#8217;s Interview with the Vampire&#8221;","author":"morty","date":"July 28, 2025","format":false,"excerpt":"Today at Comic-Con International, AMC Networks unveiled a collaboration with Fender Musical Instruments Corp., Fender, the world's leading guitar manufacturer. Building on Fender's legacy of innovation and history of modification, a capsule collection of four customized Player II Modified Stratocaster\u00ae guitars to be featured in the new season of Anne\u2026","rel":"","context":"In &quot;TV News&quot;","block_context":{"text":"TV News","link":"https:\/\/mortystv.com\/blog\/category\/tv_news\/"},"img":{"alt_text":"","src":"https:\/\/i0.wp.com\/mortystv.com\/blog\/wp-content\/uploads\/2025\/07\/Fender-20250726f.webp?resize=350%2C200&ssl=1","width":350,"height":200,"srcset":"https:\/\/i0.wp.com\/mortystv.com\/blog\/wp-content\/uploads\/2025\/07\/Fender-20250726f.webp?resize=350%2C200&ssl=1 1x, https:\/\/i0.wp.com\/mortystv.com\/blog\/wp-content\/uploads\/2025\/07\/Fender-20250726f.webp?resize=525%2C300&ssl=1 1.5x"},"classes":[]},{"id":108609,"url":"https:\/\/mortystv.com\/blog\/2025\/12\/02\/amc-networks-tna-wrestling-announce-agreement-to-bring-tnas-flagship-weekly-tv-show-to-amc-thursday-night-impact-video\/","url_meta":{"origin":30707,"position":3},"title":"AMC Networks &#038; TNA Wrestling Announce Agreement to Bring TNA&#8217;s Flagship Weekly TV Show to AMC: &#8220;Thursday Night iMPACT!&#8221; [VIDEO]","author":"morty","date":"December 2, 2025","format":false,"excerpt":"AMC Networks and TNA Wrestling today announced a multi-year agreement to bring TNA's flagship weekly television show, Thursday Night iMPACT!, to AMC - TNA's new television home in the U.S. The TNA-AMC partnership kicks off LIVE from the Curtis Culwell Center in the Dallas-Fort Worth Metroplex on Thursday, January 15,\u2026","rel":"","context":"In &quot;TV News&quot;","block_context":{"text":"TV News","link":"https:\/\/mortystv.com\/blog\/category\/tv_news\/"},"img":{"alt_text":"","src":"https:\/\/i0.wp.com\/mortystv.com\/blog\/wp-content\/uploads\/2025\/12\/Thursday-Night-iMPACT.webp?resize=350%2C200&ssl=1","width":350,"height":200,"srcset":"https:\/\/i0.wp.com\/mortystv.com\/blog\/wp-content\/uploads\/2025\/12\/Thursday-Night-iMPACT.webp?resize=350%2C200&ssl=1 1x, https:\/\/i0.wp.com\/mortystv.com\/blog\/wp-content\/uploads\/2025\/12\/Thursday-Night-iMPACT.webp?resize=525%2C300&ssl=1 1.5x"},"classes":[]},{"id":107357,"url":"https:\/\/mortystv.com\/blog\/2025\/11\/04\/amc-networks-best-christmas-ever-returns-with-month-long-celebration-of-the-holidays-beginning-november-29-video\/","url_meta":{"origin":30707,"position":4},"title":"AMC Networks&#8217; &#8220;Best Christmas Ever&#8221; Returns with Month-Long Celebration of the Holidays Beginning November 29 [VIDEO]","author":"morty","date":"November 4, 2025","format":false,"excerpt":"Streaming Highlights Include the AMC+ Premiere of Jay Duplass' Christmas Feature The Baltimorons; ALLBLK's Feature Film Debut A Heart For Christmas; Plus New Shudder Christmas Specials Throughout the Month, Including Joe Bob's Cold Cruel Christmas, The Boulet Brothers' Dragula Holiday of Horrors, and New Holiday-Themed Episodes of The Creep Tapes\u2026","rel":"","context":"In &quot;TV News&quot;","block_context":{"text":"TV News","link":"https:\/\/mortystv.com\/blog\/category\/tv_news\/"},"img":{"alt_text":"","src":"https:\/\/i0.wp.com\/mortystv.com\/blog\/wp-content\/uploads\/2025\/11\/amc-Best-Christmas-Ever.webp?resize=350%2C200&ssl=1","width":350,"height":200,"srcset":"https:\/\/i0.wp.com\/mortystv.com\/blog\/wp-content\/uploads\/2025\/11\/amc-Best-Christmas-Ever.webp?resize=350%2C200&ssl=1 1x, https:\/\/i0.wp.com\/mortystv.com\/blog\/wp-content\/uploads\/2025\/11\/amc-Best-Christmas-Ever.webp?resize=525%2C300&ssl=1 1.5x, https:\/\/i0.wp.com\/mortystv.com\/blog\/wp-content\/uploads\/2025\/11\/amc-Best-Christmas-Ever.webp?resize=700%2C400&ssl=1 2x"},"classes":[]},{"id":107663,"url":"https:\/\/mortystv.com\/blog\/2025\/11\/08\/rockstar-lestat-is-ready-for-his-close-up-in-new-behind-the-scenes-teaser-from-season-three-of-amc-networks-critically-acclaimed-series-the-vampire-lestat-debuts-2026-on-amc-and-amc-video\/","url_meta":{"origin":30707,"position":5},"title":"Rockstar Lestat Is Ready for His Close-Up in New Behind-the-Scenes Teaser from Season Three of AMC Networks&#8217; Critically Acclaimed Series &#8211; &#8220;The Vampire Lestat&#8221; Debuts 2026 on AMC and AMC+ [VIDEO]","author":"morty","date":"November 8, 2025","format":false,"excerpt":"Resentful of the perfunctory portrayal in the trashy bestseller \"Interview with the Vampire,\" the Vampire Lestat (Sam Reid) sets his story straight in a way only the Vampire Lestat can - by starting a band and going on tour. Gabriella. Nicholas. Magnus. Marius. Those Who Must Be Kept. They join\u2026","rel":"","context":"In &quot;TV News&quot;","block_context":{"text":"TV News","link":"https:\/\/mortystv.com\/blog\/category\/tv_news\/"},"img":{"alt_text":"","src":"https:\/\/i0.wp.com\/mortystv.com\/blog\/wp-content\/uploads\/2025\/11\/Vampire-Lestat-feat.webp?resize=350%2C200&ssl=1","width":350,"height":200,"srcset":"https:\/\/i0.wp.com\/mortystv.com\/blog\/wp-content\/uploads\/2025\/11\/Vampire-Lestat-feat.webp?resize=350%2C200&ssl=1 1x, https:\/\/i0.wp.com\/mortystv.com\/blog\/wp-content\/uploads\/2025\/11\/Vampire-Lestat-feat.webp?resize=525%2C300&ssl=1 1.5x"},"classes":[]}],"jetpack_likes_enabled":true,"_links":{"self":[{"href":"https:\/\/mortystv.com\/blog\/wp-json\/wp\/v2\/posts\/30707","targetHints":{"allow":["GET"]}}],"collection":[{"href":"https:\/\/mortystv.com\/blog\/wp-json\/wp\/v2\/posts"}],"about":[{"href":"https:\/\/mortystv.com\/blog\/wp-json\/wp\/v2\/types\/post"}],"author":[{"embeddable":true,"href":"https:\/\/mortystv.com\/blog\/wp-json\/wp\/v2\/users\/1"}],"replies":[{"embeddable":true,"href":"https:\/\/mortystv.com\/blog\/wp-json\/wp\/v2\/comments?post=30707"}],"version-history":[{"count":0,"href":"https:\/\/mortystv.com\/blog\/wp-json\/wp\/v2\/posts\/30707\/revisions"}],"wp:featuredmedia":[{"embeddable":true,"href":"https:\/\/mortystv.com\/blog\/wp-json\/wp\/v2\/media\/19859"}],"wp:attachment":[{"href":"https:\/\/mortystv.com\/blog\/wp-json\/wp\/v2\/media?parent=30707"}],"wp:term":[{"taxonomy":"category","embeddable":true,"href":"https:\/\/mortystv.com\/blog\/wp-json\/wp\/v2\/categories?post=30707"},{"taxonomy":"post_tag","embeddable":true,"href":"https:\/\/mortystv.com\/blog\/wp-json\/wp\/v2\/tags?post=30707"}],"curies":[{"name":"wp","href":"https:\/\/api.w.org\/{rel}","templated":true}]}}