{"id":27119,"date":"2021-09-30T18:02:22","date_gmt":"2021-09-30T22:02:22","guid":{"rendered":"https:\/\/mortystv.com\/blog\/?p=27119"},"modified":"2021-09-30T18:02:22","modified_gmt":"2021-09-30T22:02:22","slug":"official-netflix-trailer-for-maya-and-the-three-video","status":"publish","type":"post","link":"https:\/\/mortystv.com\/blog\/2021\/09\/30\/official-netflix-trailer-for-maya-and-the-three-video\/","title":{"rendered":"Official Netflix Trailer for &#8220;Maya and the Three&#8221; [VIDEO]"},"content":{"rendered":"<p><span class=\"embed-youtube\" style=\"text-align:center; display: block;\"><iframe class=\"youtube-player\" width=\"640\" height=\"360\" src=\"https:\/\/www.youtube.com\/embed\/QrPMlYSbkEQ?version=3&#038;rel=1&#038;showsearch=0&#038;showinfo=1&#038;iv_load_policy=1&#038;fs=1&#038;hl=en-US&#038;autohide=2&#038;wmode=transparent\" allowfullscreen=\"true\" style=\"border:0;\" sandbox=\"allow-scripts allow-same-origin allow-popups allow-presentation allow-popups-to-escape-sandbox\"><\/iframe><\/span><\/p>\n<p>Multiply your courage, by the power of three on an epic journey to save a fantastical world. Three outcasts from three distant lands, Chimi (The Skull Warrior), Rico (The Rooster Wizard), and Picchu (The Puma Barbarian) will join Maya (The Eagle Warrior) on her mighty quest to stop Lord Mictlan (The god of war) and fulfill an ancient prophecy. Maya and the Three begins October 22 only on Netflix. Set a remind now: <a href=\"https:\/\/www.netflix.com\/mayaandthethree\">https:\/\/www.netflix.com\/mayaandthethree<\/a><\/p>\n<p>From creator Jorge R. Guti\u00e9rrez (&#8220;<em>El Tigre<\/em>&#8220;, &#8220;<em>The Book of Life<\/em>&#8220;) MAYA AND THE THREE is a Netflix Animated Event told in nine epic chapters. Starring Zoe Salda\u00f1a, Gabriel Iglesias, Allen Maldonado, Stephanie Beatriz, Diego Luna, Gael Garc\u00eda Bernal, Alfred Molina, Kate del Castillo, Danny Trejo, Cheech Marin, Rosie Perez, Queen Latifah, Wyclef Jean, Jorge R. Guti\u00e9rrez, Sandra Equihua, Isabela Merced, Chelsea Rendon, Joaqu\u00edn Cos\u00edo, Carlos Alazraqui, and Rita Moreno. Only on Netflix this fall. #MayaAndTheThree #ZoeSaldana #BookOfLife #JorgeRGutierrez<br \/>\nMAYA AND THE THREE<\/p><div id=\"morty-657009582\" class=\"morty-content\"><script async src=\"\/\/pagead2.googlesyndication.com\/pagead\/js\/adsbygoogle.js?client=ca-pub-4937602850188786\" crossorigin=\"anonymous\"><\/script><ins class=\"adsbygoogle\" style=\"display:block; text-align:center;\" data-ad-client=\"ca-pub-4937602850188786\" \ndata-ad-slot=\"5227734695\" \ndata-ad-layout=\"in-article\"\ndata-ad-format=\"fluid\" data-full-width-responsive=\"true\"><\/ins>\n<script> \n(adsbygoogle = window.adsbygoogle || []).push({}); \n<\/script>\n<\/div>\n<p>An Animated Event Told in 9 Chapters<\/p>\n<p>Premieres: October 22, 2021<\/p>\n<p>Director \/ Creator: Jorge R. Guti\u00e9rrez<\/p>\n<p>Executive Producer: Jorge R. Guti\u00e9rrez<\/p><div id=\"morty-3824779041\" class=\"morty-content_2\" style=\"margin-left: auto;margin-right: auto;text-align: center;\"><script async src=\"\/\/pagead2.googlesyndication.com\/pagead\/js\/adsbygoogle.js?client=ca-pub-4937602850188786\" crossorigin=\"anonymous\"><\/script><ins class=\"adsbygoogle\" style=\"display:block; text-align:center;\" data-ad-client=\"ca-pub-4937602850188786\" \ndata-ad-slot=\"5227734695\" \ndata-ad-layout=\"in-article\"\ndata-ad-format=\"fluid\" data-full-width-responsive=\"true\"><\/ins>\n<script> \n(adsbygoogle = window.adsbygoogle || []).push({}); \n<\/script>\n<\/div>\n<p>Co-Executive Producers: Silvia Olivas, Jeff Ranjo<\/p>\n<p>Producer: Tim Yoon<\/p>\n<p>Line Producer: Lilly Sechrist<\/p>\n<p>Consulting Producers: Candie Kelty Langdale, Doug Langdale<\/p>\n<p>Writers: Jorge R. Guti\u00e9rrez, Silvia Olivas, Doug Langdale, Candie Kelty Langdale<\/p>\n<p>Head of Story: Jeff Ranjo<\/p>\n<p>Creative Consultant: Sandra Equihua<\/p>\n<p>Music By: Tim Davies<\/p>\n<p>Original Themes By: Gustavo Santaolalla<\/p>\n<p>Cast: Zoe Salda\u00f1a, Gabriel Iglesias, Allen Maldonado, Stephanie Beatriz, Diego Luna, Gael Garc\u00eda Bernal, Alfred Molina, Kate del Castillo, Danny Trejo, Cheech Marin, Rosie Perez, Queen Latifah, Wyclef Jean, Jorge R. Guti\u00e9rrez, Sandra Equihua, Isabela Merced, Chelsea Rendon, Joaqu\u00edn Cos\u00edo, Carlos Alazraqui, Eric Bauza and Rita Moreno<\/p>\n<p>Synopsis:<\/p>\n<p>In a fantastical world, where magic turns the world and four kingdoms rule the lands, a brave and rebellious warrior princess named Maya is about to celebrate her fifteenth birthday and coronation. But everything changes when the gods of the underworld arrive and announce that Maya&#8217;s life is forfeit to the God of War &#8211; a price she must pay for her family&#8217;s secret past. If Maya refuses, the whole world will suffer the gods&#8217; vengeance. To save her beloved family, her friends, and her own life, Maya embarks on a thrilling quest to fulfill an ancient prophecy that foretells the coming of three great warriors who will help her defeat the gods and save humankind.<\/p>\n<p>From creator Jorge R. Guti\u00e9rrez (EL TIGRE, THE BOOK OF LIFE), MAYA AND THE THREE is a Netflix Animated Event told in nine epic chapters. Set in a fictional fantasy world, MAYA AND THE THREE is an adventure full of heart and humor, inspired by a rich, vibrant mixture of Aztec, Maya, and Inca mythology, and modern-day Caribbean culture. Starring Zoe Salda\u00f1a as Princess Maya, Gabriel Iglesias as Picchu, Allen Maldonado as Rico, Stephanie Beatriz as Chimi, Diego Luna as Zatz, Gael Garc\u00eda Bernal as The Jaguar Triplets, Alfred Molina as the God of War, Kate del Castillo as the Goddess of Death, Danny Trejo as the God of Earthquakes, Cheech Marin as the Gods of Wind &amp; Storm, Rosie Perez as the Goddess of Gators, Queen Latifah as Gran Bruja, Wyclef Jean as Gran Brujo, Jorge R. Guti\u00e9rrez as King Teca, Sandra Equihua as Queen Teca, Isabela Merced as the Widow Queen, Chelsea Rendon as the Goddess of Tattoos, Joaqu\u00edn Cos\u00edo as the God of Bats, Carlos Alazraqui as the God of Dark Magic, Eric Bauza as the God of Jungle Animals and Rita Moreno as Ah Puch.<\/p>\n<p>Featured Music<\/p>\n<p>The trailer features &#8220;If It&#8217;s To Be&#8221; performed by Kali Uchis and written by Gustavo Santaolalla. The song will be released by Interscope on October 13. Maya and the Three features an original score composed by the duo of Oscar- and GRAMMY-winning composer Gustavo Santaolalla and GRAMMY-nominated composer Tim Davies. The cinematic score will be available on October 22 from Milan Records.<\/p>\n<p>Social IG: @Mayaandthe3 Twitter: @Mayaandthe3 Netflix Con Todo IG: @contodonetflix Twitter: @contdonetflix<\/p>\n<p><a href=\"http:\/\/www.netflix.com\/mayaandthethree\">www.netflix.com\/mayaandthethree<\/a><\/p>\n","protected":false},"excerpt":{"rendered":"<p>Multiply your courage, by the power of three on an epic journey to save a fantastical world. Three outcasts from three distant lands, Chimi (The Skull Warrior), Rico (The Rooster Wizard), and Picchu (The Puma Barbarian) will join Maya (The Eagle Warrior) on her mighty quest to stop Lord Mictlan (The god of war) and [&hellip;]<\/p>\n","protected":false},"author":1,"featured_media":27120,"comment_status":"open","ping_status":"open","sticky":false,"template":"","format":"standard","meta":{"_acf_changed":false,"jetpack_post_was_ever_published":false,"jnews-multi-image_gallery":[],"jnews_single_post":{"source_name":"","source_url":"","via_name":"","via_url":"","override_template":"0","override":[{"template":"1","single_blog_custom":"","parallax":"1","fullscreen":"1","layout":"right-sidebar","sidebar":"default-sidebar","second_sidebar":"default-sidebar","sticky_sidebar":"1","share_position":"top","share_float_style":"share-monocrhome","show_share_counter":"1","show_view_counter":"1","show_featured":"1","show_post_meta":"1","show_post_author":"1","show_post_author_image":"1","show_post_date":"1","post_date_format":"default","post_date_format_custom":"Y\/m\/d","show_post_category":"1","show_post_reading_time":"0","post_reading_time_wpm":"300","show_zoom_button":"0","zoom_button_out_step":"2","zoom_button_in_step":"3","show_post_tag":"1","show_prev_next_post":"1","show_popup_post":"1","number_popup_post":"1","show_author_box":"0","show_post_related":"0","show_inline_post_related":"0"}],"override_image_size":"0","image_override":[{"single_post_thumbnail_size":"crop-500","single_post_gallery_size":"crop-500"}],"trending_post":"0","trending_post_position":"meta","trending_post_label":"Trending","sponsored_post":"0","sponsored_post_label":"Sponsored by","sponsored_post_name":"","sponsored_post_url":"","sponsored_post_logo_enable":"0","sponsored_post_logo":"","sponsored_post_desc":""},"jnews_primary_category":{"id":""},"footnotes":"","jetpack_publicize_message":"","jetpack_publicize_feature_enabled":true,"jetpack_social_post_already_shared":true,"jetpack_social_options":{"image_generator_settings":{"template":"highway","default_image_id":0,"font":"","enabled":false},"version":2},"_wpas_customize_per_network":false},"categories":[1],"tags":[1609,194],"class_list":["post-27119","post","type-post","status-publish","format-standard","has-post-thumbnail","hentry","category-tv_news","tag-animated-series","tag-kids"],"acf":[],"yoast_head":"<!-- This site is optimized with the Yoast SEO Premium plugin v27.1 (Yoast SEO v27.1.1) - https:\/\/yoast.com\/product\/yoast-seo-premium-wordpress\/ -->\n<title>Official Netflix Trailer for &quot;Maya and the Three&quot; [VIDEO] - Morty&#039;s TV<\/title>\n<meta name=\"robots\" content=\"index, follow, max-snippet:-1, max-image-preview:large, max-video-preview:-1\" \/>\n<link rel=\"canonical\" href=\"https:\/\/mortystv.com\/blog\/2021\/09\/30\/official-netflix-trailer-for-maya-and-the-three-video\/\" \/>\n<meta property=\"og:locale\" content=\"en_US\" \/>\n<meta property=\"og:type\" content=\"article\" \/>\n<meta property=\"og:title\" content=\"Official Netflix Trailer for &quot;Maya and the Three&quot; [VIDEO]\" \/>\n<meta property=\"og:description\" content=\"Multiply your courage, by the power of three on an epic journey to save a fantastical world. Three outcasts from three distant lands, Chimi (The Skull Warrior), Rico (The Rooster Wizard), and Picchu (The Puma Barbarian) will join Maya (The Eagle Warrior) on her mighty quest to stop Lord Mictlan (The god of war) and [&hellip;]\" \/>\n<meta property=\"og:url\" content=\"https:\/\/mortystv.com\/blog\/2021\/09\/30\/official-netflix-trailer-for-maya-and-the-three-video\/\" \/>\n<meta property=\"og:site_name\" content=\"Morty&#039;s TV\" \/>\n<meta property=\"article:publisher\" content=\"https:\/\/www.facebook.com\/mortystv\" \/>\n<meta property=\"article:author\" content=\"https:\/\/www.facebook.com\/mortystv\" \/>\n<meta property=\"article:published_time\" content=\"2021-09-30T22:02:22+00:00\" \/>\n<meta property=\"og:image\" content=\"https:\/\/mortystv.com\/blog\/wp-content\/uploads\/2021\/09\/maya-and-the-three.webp\" \/>\n\t<meta property=\"og:image:width\" content=\"666\" \/>\n\t<meta property=\"og:image:height\" content=\"375\" \/>\n\t<meta property=\"og:image:type\" content=\"image\/webp\" \/>\n<meta name=\"author\" content=\"morty\" \/>\n<meta name=\"twitter:card\" content=\"summary_large_image\" \/>\n<meta name=\"twitter:creator\" content=\"@http:\/\/twitter.com\/#!\/mortystv\" \/>\n<meta name=\"twitter:site\" content=\"@mortystv\" \/>\n<meta name=\"twitter:label1\" content=\"Written by\" \/>\n\t<meta name=\"twitter:data1\" content=\"morty\" \/>\n\t<meta name=\"twitter:label2\" content=\"Est. reading time\" \/>\n\t<meta name=\"twitter:data2\" content=\"3 minutes\" \/>\n<script type=\"application\/ld+json\" class=\"yoast-schema-graph\">{\"@context\":\"https:\/\/schema.org\",\"@graph\":[{\"@type\":\"Article\",\"@id\":\"https:\/\/mortystv.com\/blog\/2021\/09\/30\/official-netflix-trailer-for-maya-and-the-three-video\/#article\",\"isPartOf\":{\"@id\":\"https:\/\/mortystv.com\/blog\/2021\/09\/30\/official-netflix-trailer-for-maya-and-the-three-video\/\"},\"author\":{\"name\":\"morty\",\"@id\":\"https:\/\/mortystv.com\/blog\/#\/schema\/person\/ec63b069cf8528fdbe3b63a882c84e55\"},\"headline\":\"Official Netflix Trailer for &#8220;Maya and the Three&#8221; [VIDEO]\",\"datePublished\":\"2021-09-30T22:02:22+00:00\",\"mainEntityOfPage\":{\"@id\":\"https:\/\/mortystv.com\/blog\/2021\/09\/30\/official-netflix-trailer-for-maya-and-the-three-video\/\"},\"wordCount\":699,\"commentCount\":0,\"publisher\":{\"@id\":\"https:\/\/mortystv.com\/blog\/#organization\"},\"image\":{\"@id\":\"https:\/\/mortystv.com\/blog\/2021\/09\/30\/official-netflix-trailer-for-maya-and-the-three-video\/#primaryimage\"},\"thumbnailUrl\":\"https:\/\/mortystv.com\/blog\/wp-content\/uploads\/2021\/09\/maya-and-the-three.webp\",\"keywords\":[\"animated series\",\"kids\"],\"articleSection\":[\"TV News\"],\"inLanguage\":\"en-US\",\"potentialAction\":[{\"@type\":\"CommentAction\",\"name\":\"Comment\",\"target\":[\"https:\/\/mortystv.com\/blog\/2021\/09\/30\/official-netflix-trailer-for-maya-and-the-three-video\/#respond\"]}]},{\"@type\":\"WebPage\",\"@id\":\"https:\/\/mortystv.com\/blog\/2021\/09\/30\/official-netflix-trailer-for-maya-and-the-three-video\/\",\"url\":\"https:\/\/mortystv.com\/blog\/2021\/09\/30\/official-netflix-trailer-for-maya-and-the-three-video\/\",\"name\":\"Official Netflix Trailer for \\\"Maya and the Three\\\" [VIDEO] - Morty&#039;s TV\",\"isPartOf\":{\"@id\":\"https:\/\/mortystv.com\/blog\/#website\"},\"primaryImageOfPage\":{\"@id\":\"https:\/\/mortystv.com\/blog\/2021\/09\/30\/official-netflix-trailer-for-maya-and-the-three-video\/#primaryimage\"},\"image\":{\"@id\":\"https:\/\/mortystv.com\/blog\/2021\/09\/30\/official-netflix-trailer-for-maya-and-the-three-video\/#primaryimage\"},\"thumbnailUrl\":\"https:\/\/mortystv.com\/blog\/wp-content\/uploads\/2021\/09\/maya-and-the-three.webp\",\"datePublished\":\"2021-09-30T22:02:22+00:00\",\"breadcrumb\":{\"@id\":\"https:\/\/mortystv.com\/blog\/2021\/09\/30\/official-netflix-trailer-for-maya-and-the-three-video\/#breadcrumb\"},\"inLanguage\":\"en-US\",\"potentialAction\":[{\"@type\":\"ReadAction\",\"target\":[\"https:\/\/mortystv.com\/blog\/2021\/09\/30\/official-netflix-trailer-for-maya-and-the-three-video\/\"]}]},{\"@type\":\"ImageObject\",\"inLanguage\":\"en-US\",\"@id\":\"https:\/\/mortystv.com\/blog\/2021\/09\/30\/official-netflix-trailer-for-maya-and-the-three-video\/#primaryimage\",\"url\":\"https:\/\/mortystv.com\/blog\/wp-content\/uploads\/2021\/09\/maya-and-the-three.webp\",\"contentUrl\":\"https:\/\/mortystv.com\/blog\/wp-content\/uploads\/2021\/09\/maya-and-the-three.webp\",\"width\":666,\"height\":375},{\"@type\":\"BreadcrumbList\",\"@id\":\"https:\/\/mortystv.com\/blog\/2021\/09\/30\/official-netflix-trailer-for-maya-and-the-three-video\/#breadcrumb\",\"itemListElement\":[{\"@type\":\"ListItem\",\"position\":1,\"name\":\"Home\",\"item\":\"https:\/\/mortystv.com\/blog\/\"},{\"@type\":\"ListItem\",\"position\":2,\"name\":\"Official Netflix Trailer for &#8220;Maya and the Three&#8221; [VIDEO]\"}]},{\"@type\":\"WebSite\",\"@id\":\"https:\/\/mortystv.com\/blog\/#website\",\"url\":\"https:\/\/mortystv.com\/blog\/\",\"name\":\"Morty's TV\",\"description\":\"TV  News, Big Brother Fan Pages with Daily Updates, and Obits\",\"publisher\":{\"@id\":\"https:\/\/mortystv.com\/blog\/#organization\"},\"potentialAction\":[{\"@type\":\"SearchAction\",\"target\":{\"@type\":\"EntryPoint\",\"urlTemplate\":\"https:\/\/mortystv.com\/blog\/?s={search_term_string}\"},\"query-input\":{\"@type\":\"PropertyValueSpecification\",\"valueRequired\":true,\"valueName\":\"search_term_string\"}}],\"inLanguage\":\"en-US\"},{\"@type\":\"Organization\",\"@id\":\"https:\/\/mortystv.com\/blog\/#organization\",\"name\":\"Morty's TV\",\"url\":\"https:\/\/mortystv.com\/blog\/\",\"logo\":{\"@type\":\"ImageObject\",\"inLanguage\":\"en-US\",\"@id\":\"https:\/\/mortystv.com\/blog\/#\/schema\/logo\/image\/\",\"url\":\"https:\/\/mortystv.com\/blog\/wp-content\/uploads\/2020\/09\/seo-logo.jpg\",\"contentUrl\":\"https:\/\/mortystv.com\/blog\/wp-content\/uploads\/2020\/09\/seo-logo.jpg\",\"width\":1226,\"height\":375,\"caption\":\"Morty's TV\"},\"image\":{\"@id\":\"https:\/\/mortystv.com\/blog\/#\/schema\/logo\/image\/\"},\"sameAs\":[\"https:\/\/www.facebook.com\/mortystv\",\"https:\/\/x.com\/mortystv\",\"https:\/\/www.instagram.com\/mortystv\/\",\"https:\/\/mortystv.bsky.social\/\"]},{\"@type\":\"Person\",\"@id\":\"https:\/\/mortystv.com\/blog\/#\/schema\/person\/ec63b069cf8528fdbe3b63a882c84e55\",\"name\":\"morty\",\"image\":{\"@type\":\"ImageObject\",\"inLanguage\":\"en-US\",\"@id\":\"https:\/\/mortystv.com\/blog\/#\/schema\/person\/image\/\",\"url\":\"https:\/\/secure.gravatar.com\/avatar\/f8d193cd52b136c105466b1a6e275471a201e3f2ef36511576a5b559448768be?s=96&d=mm&r=g\",\"contentUrl\":\"https:\/\/secure.gravatar.com\/avatar\/f8d193cd52b136c105466b1a6e275471a201e3f2ef36511576a5b559448768be?s=96&d=mm&r=g\",\"caption\":\"morty\"},\"description\":\"TV historian and Big Brother fan. Former contributor to The Philadelphia Inquirer TV section.\",\"sameAs\":[\"http:\/\/mortystv.com\",\"https:\/\/www.facebook.com\/mortystv\",\"https:\/\/x.com\/http:\/\/twitter.com\/#!\/mortystv\"],\"url\":\"https:\/\/mortystv.com\/blog\/author\/morty\/\"}]}<\/script>\n<!-- \/ Yoast SEO Premium plugin. -->","yoast_head_json":{"title":"Official Netflix Trailer for \"Maya and the Three\" [VIDEO] - Morty&#039;s TV","robots":{"index":"index","follow":"follow","max-snippet":"max-snippet:-1","max-image-preview":"max-image-preview:large","max-video-preview":"max-video-preview:-1"},"canonical":"https:\/\/mortystv.com\/blog\/2021\/09\/30\/official-netflix-trailer-for-maya-and-the-three-video\/","og_locale":"en_US","og_type":"article","og_title":"Official Netflix Trailer for \"Maya and the Three\" [VIDEO]","og_description":"Multiply your courage, by the power of three on an epic journey to save a fantastical world. Three outcasts from three distant lands, Chimi (The Skull Warrior), Rico (The Rooster Wizard), and Picchu (The Puma Barbarian) will join Maya (The Eagle Warrior) on her mighty quest to stop Lord Mictlan (The god of war) and [&hellip;]","og_url":"https:\/\/mortystv.com\/blog\/2021\/09\/30\/official-netflix-trailer-for-maya-and-the-three-video\/","og_site_name":"Morty&#039;s TV","article_publisher":"https:\/\/www.facebook.com\/mortystv","article_author":"https:\/\/www.facebook.com\/mortystv","article_published_time":"2021-09-30T22:02:22+00:00","og_image":[{"width":666,"height":375,"url":"https:\/\/mortystv.com\/blog\/wp-content\/uploads\/2021\/09\/maya-and-the-three.webp","type":"image\/webp"}],"author":"morty","twitter_card":"summary_large_image","twitter_creator":"@http:\/\/twitter.com\/#!\/mortystv","twitter_site":"@mortystv","twitter_misc":{"Written by":"morty","Est. reading time":"3 minutes"},"schema":{"@context":"https:\/\/schema.org","@graph":[{"@type":"Article","@id":"https:\/\/mortystv.com\/blog\/2021\/09\/30\/official-netflix-trailer-for-maya-and-the-three-video\/#article","isPartOf":{"@id":"https:\/\/mortystv.com\/blog\/2021\/09\/30\/official-netflix-trailer-for-maya-and-the-three-video\/"},"author":{"name":"morty","@id":"https:\/\/mortystv.com\/blog\/#\/schema\/person\/ec63b069cf8528fdbe3b63a882c84e55"},"headline":"Official Netflix Trailer for &#8220;Maya and the Three&#8221; [VIDEO]","datePublished":"2021-09-30T22:02:22+00:00","mainEntityOfPage":{"@id":"https:\/\/mortystv.com\/blog\/2021\/09\/30\/official-netflix-trailer-for-maya-and-the-three-video\/"},"wordCount":699,"commentCount":0,"publisher":{"@id":"https:\/\/mortystv.com\/blog\/#organization"},"image":{"@id":"https:\/\/mortystv.com\/blog\/2021\/09\/30\/official-netflix-trailer-for-maya-and-the-three-video\/#primaryimage"},"thumbnailUrl":"https:\/\/mortystv.com\/blog\/wp-content\/uploads\/2021\/09\/maya-and-the-three.webp","keywords":["animated series","kids"],"articleSection":["TV News"],"inLanguage":"en-US","potentialAction":[{"@type":"CommentAction","name":"Comment","target":["https:\/\/mortystv.com\/blog\/2021\/09\/30\/official-netflix-trailer-for-maya-and-the-three-video\/#respond"]}]},{"@type":"WebPage","@id":"https:\/\/mortystv.com\/blog\/2021\/09\/30\/official-netflix-trailer-for-maya-and-the-three-video\/","url":"https:\/\/mortystv.com\/blog\/2021\/09\/30\/official-netflix-trailer-for-maya-and-the-three-video\/","name":"Official Netflix Trailer for \"Maya and the Three\" [VIDEO] - Morty&#039;s TV","isPartOf":{"@id":"https:\/\/mortystv.com\/blog\/#website"},"primaryImageOfPage":{"@id":"https:\/\/mortystv.com\/blog\/2021\/09\/30\/official-netflix-trailer-for-maya-and-the-three-video\/#primaryimage"},"image":{"@id":"https:\/\/mortystv.com\/blog\/2021\/09\/30\/official-netflix-trailer-for-maya-and-the-three-video\/#primaryimage"},"thumbnailUrl":"https:\/\/mortystv.com\/blog\/wp-content\/uploads\/2021\/09\/maya-and-the-three.webp","datePublished":"2021-09-30T22:02:22+00:00","breadcrumb":{"@id":"https:\/\/mortystv.com\/blog\/2021\/09\/30\/official-netflix-trailer-for-maya-and-the-three-video\/#breadcrumb"},"inLanguage":"en-US","potentialAction":[{"@type":"ReadAction","target":["https:\/\/mortystv.com\/blog\/2021\/09\/30\/official-netflix-trailer-for-maya-and-the-three-video\/"]}]},{"@type":"ImageObject","inLanguage":"en-US","@id":"https:\/\/mortystv.com\/blog\/2021\/09\/30\/official-netflix-trailer-for-maya-and-the-three-video\/#primaryimage","url":"https:\/\/mortystv.com\/blog\/wp-content\/uploads\/2021\/09\/maya-and-the-three.webp","contentUrl":"https:\/\/mortystv.com\/blog\/wp-content\/uploads\/2021\/09\/maya-and-the-three.webp","width":666,"height":375},{"@type":"BreadcrumbList","@id":"https:\/\/mortystv.com\/blog\/2021\/09\/30\/official-netflix-trailer-for-maya-and-the-three-video\/#breadcrumb","itemListElement":[{"@type":"ListItem","position":1,"name":"Home","item":"https:\/\/mortystv.com\/blog\/"},{"@type":"ListItem","position":2,"name":"Official Netflix Trailer for &#8220;Maya and the Three&#8221; [VIDEO]"}]},{"@type":"WebSite","@id":"https:\/\/mortystv.com\/blog\/#website","url":"https:\/\/mortystv.com\/blog\/","name":"Morty's TV","description":"TV  News, Big Brother Fan Pages with Daily Updates, and Obits","publisher":{"@id":"https:\/\/mortystv.com\/blog\/#organization"},"potentialAction":[{"@type":"SearchAction","target":{"@type":"EntryPoint","urlTemplate":"https:\/\/mortystv.com\/blog\/?s={search_term_string}"},"query-input":{"@type":"PropertyValueSpecification","valueRequired":true,"valueName":"search_term_string"}}],"inLanguage":"en-US"},{"@type":"Organization","@id":"https:\/\/mortystv.com\/blog\/#organization","name":"Morty's TV","url":"https:\/\/mortystv.com\/blog\/","logo":{"@type":"ImageObject","inLanguage":"en-US","@id":"https:\/\/mortystv.com\/blog\/#\/schema\/logo\/image\/","url":"https:\/\/mortystv.com\/blog\/wp-content\/uploads\/2020\/09\/seo-logo.jpg","contentUrl":"https:\/\/mortystv.com\/blog\/wp-content\/uploads\/2020\/09\/seo-logo.jpg","width":1226,"height":375,"caption":"Morty's TV"},"image":{"@id":"https:\/\/mortystv.com\/blog\/#\/schema\/logo\/image\/"},"sameAs":["https:\/\/www.facebook.com\/mortystv","https:\/\/x.com\/mortystv","https:\/\/www.instagram.com\/mortystv\/","https:\/\/mortystv.bsky.social\/"]},{"@type":"Person","@id":"https:\/\/mortystv.com\/blog\/#\/schema\/person\/ec63b069cf8528fdbe3b63a882c84e55","name":"morty","image":{"@type":"ImageObject","inLanguage":"en-US","@id":"https:\/\/mortystv.com\/blog\/#\/schema\/person\/image\/","url":"https:\/\/secure.gravatar.com\/avatar\/f8d193cd52b136c105466b1a6e275471a201e3f2ef36511576a5b559448768be?s=96&d=mm&r=g","contentUrl":"https:\/\/secure.gravatar.com\/avatar\/f8d193cd52b136c105466b1a6e275471a201e3f2ef36511576a5b559448768be?s=96&d=mm&r=g","caption":"morty"},"description":"TV historian and Big Brother fan. Former contributor to The Philadelphia Inquirer TV section.","sameAs":["http:\/\/mortystv.com","https:\/\/www.facebook.com\/mortystv","https:\/\/x.com\/http:\/\/twitter.com\/#!\/mortystv"],"url":"https:\/\/mortystv.com\/blog\/author\/morty\/"}]}},"jetpack_publicize_connections":[],"jetpack_featured_media_url":"https:\/\/mortystv.com\/blog\/wp-content\/uploads\/2021\/09\/maya-and-the-three.webp","jetpack_sharing_enabled":true,"jetpack-related-posts":[{"id":25337,"url":"https:\/\/mortystv.com\/blog\/2021\/08\/24\/official-netflix-teaser-for-maya-and-the-three-video\/","url_meta":{"origin":27119,"position":0},"title":"Official Netflix Teaser for &#8220;Maya and the Three&#8221; [VIDEO]","author":"morty","date":"August 24, 2021","format":false,"excerpt":"In a mythical world, where magic is real and four kingdoms rule, there lives a brave and rebellious warrior princess named Maya. Maya embarks on a thrilling quest to fulfill an ancient prophecy but can she defeat the gods and save humankind? From creator Jorge R. Guti\u00e9rrez (\"El Tigre\", \"The\u2026","rel":"","context":"In &quot;TV News&quot;","block_context":{"text":"TV News","link":"https:\/\/mortystv.com\/blog\/category\/tv_news\/"},"img":{"alt_text":"","src":"https:\/\/i0.wp.com\/mortystv.com\/blog\/wp-content\/uploads\/2021\/08\/Maya-and-the-Three.jpg?resize=350%2C200&ssl=1","width":350,"height":200,"srcset":"https:\/\/i0.wp.com\/mortystv.com\/blog\/wp-content\/uploads\/2021\/08\/Maya-and-the-Three.jpg?resize=350%2C200&ssl=1 1x, https:\/\/i0.wp.com\/mortystv.com\/blog\/wp-content\/uploads\/2021\/08\/Maya-and-the-Three.jpg?resize=525%2C300&ssl=1 1.5x"},"classes":[]},{"id":105245,"url":"https:\/\/mortystv.com\/blog\/2025\/09\/11\/official-netflix-trailer-for-nightmares-of-nature-video\/","url_meta":{"origin":27119,"position":1},"title":"Official Netflix Trailer for &#8220;Nightmares of Nature&#8221; [VIDEO]","author":"morty","date":"September 11, 2025","format":false,"excerpt":"Blumhouse, masters of horror, and Plimsoll Productions, the world's largest independent natural history studio, join forces in a unique collaboration. This series will draw on the creepiest and spookiest elements in nature but will be designed for a wide audience. Two stories\/settings: a creepy forest cabin in New England, and\u2026","rel":"","context":"In &quot;TV News&quot;","block_context":{"text":"TV News","link":"https:\/\/mortystv.com\/blog\/category\/tv_news\/"},"img":{"alt_text":"","src":"https:\/\/i0.wp.com\/mortystv.com\/blog\/wp-content\/uploads\/2025\/09\/Nightmares-of-Nature.webp?resize=350%2C200&ssl=1","width":350,"height":200,"srcset":"https:\/\/i0.wp.com\/mortystv.com\/blog\/wp-content\/uploads\/2025\/09\/Nightmares-of-Nature.webp?resize=350%2C200&ssl=1 1x, https:\/\/i0.wp.com\/mortystv.com\/blog\/wp-content\/uploads\/2025\/09\/Nightmares-of-Nature.webp?resize=525%2C300&ssl=1 1.5x"},"classes":[]},{"id":18791,"url":"https:\/\/mortystv.com\/blog\/2021\/03\/23\/official-netflix-trailer-for-a-new-animated-family-comedy-the-mitchells-vs-the-machines-video\/","url_meta":{"origin":27119,"position":2},"title":"Official Netflix Trailer for a New Animated Family Comedy: &#8220;The Mitchells vs. The Machines&#8221; [VIDEO]","author":"morty","date":"March 23, 2021","format":false,"excerpt":"THE MITCHELLS VS. THE MACHINES, a new animated family comedy from the humans who brought you Spider-Man: Into the Spider-verse and The Lego Movie, speeds onto Netflix on April 30 with Abbi Jacobson, Danny McBride, Maya Rudolph, Mike Rianda, Eric Andre, Olivia Colman, Fred Armisen, Beck Bennett, Chrissy Teigen, John\u2026","rel":"","context":"In &quot;TV News&quot;","block_context":{"text":"TV News","link":"https:\/\/mortystv.com\/blog\/category\/tv_news\/"},"img":{"alt_text":"","src":"https:\/\/i0.wp.com\/mortystv.com\/blog\/wp-content\/uploads\/2021\/03\/Mitchells-vs.-The-Machines.jpg?resize=350%2C200&ssl=1","width":350,"height":200,"srcset":"https:\/\/i0.wp.com\/mortystv.com\/blog\/wp-content\/uploads\/2021\/03\/Mitchells-vs.-The-Machines.jpg?resize=350%2C200&ssl=1 1x, https:\/\/i0.wp.com\/mortystv.com\/blog\/wp-content\/uploads\/2021\/03\/Mitchells-vs.-The-Machines.jpg?resize=525%2C300&ssl=1 1.5x"},"classes":[]},{"id":19098,"url":"https:\/\/mortystv.com\/blog\/2021\/03\/31\/official-netflix-trailer-the-mitchells-vs-the-machines-an-animated-road-trip-video\/","url_meta":{"origin":27119,"position":3},"title":"Official Netflix Trailer &#8220;The Mitchells vs. The Machines&#8221; An Animated Road Trip [VIDEO]","author":"morty","date":"March 31, 2021","format":false,"excerpt":"A quirky, dysfunctional family's road trip is upended when they find themselves in the middle of the robot apocalypse and suddenly become humanity's unlikeliest last hope! Watch The Mitchells vs. The Machines only on Netflix on April 30. Directed by Michael Rianda (Gravity Falls), produced by Oscar winners Phil Lord\u2026","rel":"","context":"In &quot;TV News&quot;","block_context":{"text":"TV News","link":"https:\/\/mortystv.com\/blog\/category\/tv_news\/"},"img":{"alt_text":"","src":"https:\/\/i0.wp.com\/mortystv.com\/blog\/wp-content\/uploads\/2021\/03\/Mitchells-vs.-The-Machines-1.jpg?resize=350%2C200&ssl=1","width":350,"height":200,"srcset":"https:\/\/i0.wp.com\/mortystv.com\/blog\/wp-content\/uploads\/2021\/03\/Mitchells-vs.-The-Machines-1.jpg?resize=350%2C200&ssl=1 1x, https:\/\/i0.wp.com\/mortystv.com\/blog\/wp-content\/uploads\/2021\/03\/Mitchells-vs.-The-Machines-1.jpg?resize=525%2C300&ssl=1 1.5x"},"classes":[]},{"id":60351,"url":"https:\/\/mortystv.com\/blog\/2023\/10\/12\/official-netflix-trailer-for-blue-eye-samurai-video\/","url_meta":{"origin":27119,"position":4},"title":"Official Netflix Trailer for &#8220;Blue Eye Samurai&#8221; [VIDEO]","author":"morty","date":"October 12, 2023","format":false,"excerpt":"BLUE EYE SAMURAI follows Mizu (voiced by Maya Erskine), a mixed-race master of the sword who lives a life in disguise seeking the deliverance of revenge. From Michael Green (Logan, Blade Runner 2049) and Amber Noizumi, Blue Eye Samurai premieres on November 3rd only on Netflix. This provocative and visually\u2026","rel":"","context":"In &quot;TV News&quot;","block_context":{"text":"TV News","link":"https:\/\/mortystv.com\/blog\/category\/tv_news\/"},"img":{"alt_text":"","src":"https:\/\/i0.wp.com\/mortystv.com\/blog\/wp-content\/uploads\/2023\/10\/Blue-Eye-Samurai-feat-1.webp?resize=350%2C200&ssl=1","width":350,"height":200,"srcset":"https:\/\/i0.wp.com\/mortystv.com\/blog\/wp-content\/uploads\/2023\/10\/Blue-Eye-Samurai-feat-1.webp?resize=350%2C200&ssl=1 1x, https:\/\/i0.wp.com\/mortystv.com\/blog\/wp-content\/uploads\/2023\/10\/Blue-Eye-Samurai-feat-1.webp?resize=525%2C300&ssl=1 1.5x"},"classes":[]},{"id":62981,"url":"https:\/\/mortystv.com\/blog\/2023\/12\/12\/critically-acclaimed-animated-series-blue-eye-samurai-renewed-for-second-season-on-netflix\/","url_meta":{"origin":27119,"position":5},"title":"Critically-Acclaimed Animated Series &#8220;Blue Eye Samurai&#8221; Renewed for Second Season on Netflix","author":"morty","date":"December 12, 2023","format":false,"excerpt":"Today, Netflix confirmed a second season of critically-acclaimed animated series BLUE EYE SAMURAI, which was recently named by Vanity Fair as one of the Best TV Series of 2023. \"When we started this project, we made a commitment to take this very personal story set in Edo-period Japan and bring\u2026","rel":"","context":"In &quot;TV News&quot;","block_context":{"text":"TV News","link":"https:\/\/mortystv.com\/blog\/category\/tv_news\/"},"img":{"alt_text":"","src":"https:\/\/i0.wp.com\/mortystv.com\/blog\/wp-content\/uploads\/2023\/12\/Blue-Eye-Samurai-feat.jpg?resize=350%2C200&ssl=1","width":350,"height":200,"srcset":"https:\/\/i0.wp.com\/mortystv.com\/blog\/wp-content\/uploads\/2023\/12\/Blue-Eye-Samurai-feat.jpg?resize=350%2C200&ssl=1 1x, https:\/\/i0.wp.com\/mortystv.com\/blog\/wp-content\/uploads\/2023\/12\/Blue-Eye-Samurai-feat.jpg?resize=525%2C300&ssl=1 1.5x"},"classes":[]}],"jetpack_likes_enabled":true,"_links":{"self":[{"href":"https:\/\/mortystv.com\/blog\/wp-json\/wp\/v2\/posts\/27119","targetHints":{"allow":["GET"]}}],"collection":[{"href":"https:\/\/mortystv.com\/blog\/wp-json\/wp\/v2\/posts"}],"about":[{"href":"https:\/\/mortystv.com\/blog\/wp-json\/wp\/v2\/types\/post"}],"author":[{"embeddable":true,"href":"https:\/\/mortystv.com\/blog\/wp-json\/wp\/v2\/users\/1"}],"replies":[{"embeddable":true,"href":"https:\/\/mortystv.com\/blog\/wp-json\/wp\/v2\/comments?post=27119"}],"version-history":[{"count":0,"href":"https:\/\/mortystv.com\/blog\/wp-json\/wp\/v2\/posts\/27119\/revisions"}],"wp:featuredmedia":[{"embeddable":true,"href":"https:\/\/mortystv.com\/blog\/wp-json\/wp\/v2\/media\/27120"}],"wp:attachment":[{"href":"https:\/\/mortystv.com\/blog\/wp-json\/wp\/v2\/media?parent=27119"}],"wp:term":[{"taxonomy":"category","embeddable":true,"href":"https:\/\/mortystv.com\/blog\/wp-json\/wp\/v2\/categories?post=27119"},{"taxonomy":"post_tag","embeddable":true,"href":"https:\/\/mortystv.com\/blog\/wp-json\/wp\/v2\/tags?post=27119"}],"curies":[{"name":"wp","href":"https:\/\/api.w.org\/{rel}","templated":true}]}}